{"id":1062,"date":"2022-11-04T10:16:11","date_gmt":"2022-11-04T13:16:11","guid":{"rendered":"https:\/\/www.paparazzinews.com.br\/?p=1062"},"modified":"2022-11-04T10:16:12","modified_gmt":"2022-11-04T13:16:12","slug":"horta-comunitaria-e-sucesso-em-andradina","status":"publish","type":"post","link":"https:\/\/www.paparazzinews.com.br\/?p=1062","title":{"rendered":"Horta Comunit\u00e1ria \u00e9 sucesso em Andradina"},"content":{"rendered":"\n<p>A horta comunit\u00e1ria da Casa da Sopa de Andradina \u00e9 um dos principais exemplos de sucesso no trabalho conjunto entre comunidade e poder p\u00fablico. O programa municipal que est\u00e1 instalando esses espa\u00e7os aposta na sa\u00edda para melhorar a vida da popula\u00e7\u00e3o e de pessoas atendidas por essas entidades.<\/p>\n\n\n\n<p>Segundo a secret\u00e1ria de Agricultura, Meio Ambiente, Produ\u00e7\u00e3o e Agricultura Familiar, Leila Rodrigues, o local tem sido importante instrumento na produ\u00e7\u00e3o de alimentos que comp\u00f5em a dieta alimentar de fam\u00edlias de baixa renda que s\u00e3o atendidas epal Casa da Sopa. \u201dAl\u00e9m de ter como objetivo estimular a educa\u00e7\u00e3o alimentar e ambiental entre os participantes, o Programa de Hortas Comunit\u00e1rias contribui para maior aproveitamento de \u00e1reas p\u00fablicas ociosas, as quais muitas vezes acabam sendo utilizadas para descarte irregular de lixo. O incentivo \u00e9 para produ\u00e7\u00e3o agroecol\u00f3gica de verduras, legumes e frutas\u201d, explicou Leila.<\/p>\n\n\n\n<p>Segundo a secret\u00e1ria al\u00e9m de acompanhar as \u00e1reas j\u00e1 instaladas, o foco \u00e9 implantar o maior n\u00famero poss\u00edvel de novas hortas.<\/p>\n\n\n\n<p>A Casa da Sopa de Andradina, mantida pela Vila da Fraternidade Irm\u00e3 Veneranda, foi a primeira entidade a receber o Programa de Hortas Comunit\u00e1rias do governo de Andradina, que atende a 150 pessoas semanalmente, com tr\u00eas refei\u00e7\u00f5es completas e um caf\u00e9 da manh\u00e3 aos domingos. Para celebrar o sucesso da implanta\u00e7\u00e3o, uma comitiva da entidade teve um encontro com o Prefeito M\u00e1rio Celso Lopes. Na declara\u00e7\u00e3o do atendido pelo programa, Z\u00e9 Ven\u00e2ncio.<\/p>\n\n\n\n<p>\u201cQuando a horta veio ser instalada percebemos a oportunidade de ter uma variedade de alimentos bem amplo. Quando essa comida chegou ao prato das pessoas percebemos que a comida era m ais gostosa e cheirosa, por \u00e9 uma coisa plantada e colhida do jeito que veio da ro\u00e7a. E o excesso est\u00e1 sendo distribu\u00eddo pelas fam\u00edlias assistidas e a qualidade de vida dessas pessoas melhorou bastante. Este trabalho tem uma grandeza enorme\u201d, disse Ven\u00e2ncio.<\/p>\n\n\n\n<p>M\u00e1rio Celso afirmou que \u00e9 um sonho implantar uma horta comunit\u00e1ria em cada bairro da cidade onde as pessoas possam participar da produ\u00e7\u00e3o com o apoio da Secretaria da Agricultura fornecendo suporte t\u00e9cnico e a \u00c1guas Andradina com a \u00e1gua a custo zero. \u201cAssim n\u00f3s vamos levar essa maravilha para toda a comunidade andradinense. Vamos mudar a vida das pessoas que est\u00e3o envolvidas nesse projeto. S\u00f3 temos que agradecer essa entidade esses seus dirigentes que tomaram essa iniciativa poss\u00edvel\u201d, disse o prefeito. A Secretaria de Agricultura j\u00e1 est\u00e1 trabalhando para a implanta\u00e7\u00e3o de mais tr\u00eas hortas na cidade, que estar\u00e3o a cargo da comunidade e de outra entidade.<\/p>\n","protected":false},"excerpt":{"rendered":"<p>A horta comunit\u00e1ria da Casa da Sopa de Andradina \u00e9 um dos principais exemplos de sucesso no trabalho conjunto entre comunidade e poder p\u00fablico. O programa municipal que est\u00e1 instalando esses espa\u00e7os aposta na sa\u00edda para melhorar a vida da popula\u00e7\u00e3o e de pessoas atendidas por essas entidades. Segundo a secret\u00e1ria de Agricultura, Meio Ambiente, &hellip;<\/p>\n","protected":false},"author":1,"featured_media":1063,"comment_status":"open","ping_status":"open","sticky":false,"template":"","format":"standard","meta":{"_jetpack_memberships_contains_paid_content":false,"footnotes":"","jetpack_publicize_message":"","jetpack_publicize_feature_enabled":true,"jetpack_social_post_already_shared":false,"jetpack_social_options":{"image_generator_settings":{"template":"highway","default_image_id":0,"enabled":false},"version":2}},"categories":[4],"tags":[],"class_list":["post-1062","post","type-post","status-publish","format-standard","has-post-thumbnail","hentry","category-regiao"],"jetpack_publicize_connections":[],"jetpack_featured_media_url":"https:\/\/i0.wp.com\/www.paparazzinews.com.br\/wp-content\/uploads\/2022\/11\/8b5d4e7d-c086-454d-b939-afb826d7036b-e1667567758433.jpg?fit=1000%2C666&ssl=1","views":"2633","jetpack_likes_enabled":true,"jetpack_sharing_enabled":true,"_links":{"self":[{"href":"https:\/\/www.paparazzinews.com.br\/index.php?rest_route=\/wp\/v2\/posts\/1062","targetHints":{"allow":["GET"]}}],"collection":[{"href":"https:\/\/www.paparazzinews.com.br\/index.php?rest_route=\/wp\/v2\/posts"}],"about":[{"href":"https:\/\/www.paparazzinews.com.br\/index.php?rest_route=\/wp\/v2\/types\/post"}],"author":[{"embeddable":true,"href":"https:\/\/www.paparazzinews.com.br\/index.php?rest_route=\/wp\/v2\/users\/1"}],"replies":[{"embeddable":true,"href":"https:\/\/www.paparazzinews.com.br\/index.php?rest_route=%2Fwp%2Fv2%2Fcomments&post=1062"}],"version-history":[{"count":1,"href":"https:\/\/www.paparazzinews.com.br\/index.php?rest_route=\/wp\/v2\/posts\/1062\/revisions"}],"predecessor-version":[{"id":1064,"href":"https:\/\/www.paparazzinews.com.br\/index.php?rest_route=\/wp\/v2\/posts\/1062\/revisions\/1064"}],"wp:featuredmedia":[{"embeddable":true,"href":"https:\/\/www.paparazzinews.com.br\/index.php?rest_route=\/wp\/v2\/media\/1063"}],"wp:attachment":[{"href":"https:\/\/www.paparazzinews.com.br\/index.php?rest_route=%2Fwp%2Fv2%2Fmedia&parent=1062"}],"wp:term":[{"taxonomy":"category","embeddable":true,"href":"https:\/\/www.paparazzinews.com.br\/index.php?rest_route=%2Fwp%2Fv2%2Fcategories&post=1062"},{"taxonomy":"post_tag","embeddable":true,"href":"https:\/\/www.paparazzinews.com.br\/index.php?rest_route=%2Fwp%2Fv2%2Ftags&post=1062"}],"curies":[{"name":"wp","href":"https:\/\/api.w.org\/{rel}","templated":true}]}}