{"id":10569,"date":"2024-07-03T17:02:25","date_gmt":"2024-07-03T20:02:25","guid":{"rendered":"https:\/\/www.paparazzinews.com.br\/?p=10569"},"modified":"2024-07-03T17:02:26","modified_gmt":"2024-07-03T20:02:26","slug":"com-tecnologia-e-estrategia-crimes-patrimoniais-tem-queda-na-zona-rural","status":"publish","type":"post","link":"https:\/\/www.paparazzinews.com.br\/?p=10569","title":{"rendered":"Com tecnologia e estrat\u00e9gia, crimes patrimoniais t\u00eam queda na zona rural"},"content":{"rendered":"\n<p>O Governo de S\u00e3o Paulo est\u00e1 ampliando o investimento para garantir a seguran\u00e7a no campo. Al\u00e9m da atua\u00e7\u00e3o das for\u00e7as de seguran\u00e7a, a inten\u00e7\u00e3o \u00e9 mobilizar munic\u00edpios, associa\u00e7\u00f5es e moradores para criar estrat\u00e9gias em \u00e1reas rurais que contribuir\u00e3o para as atividades de seguran\u00e7a no campo.<\/p>\n\n\n\n<p>Os esfor\u00e7os e investimentos promovidos pela atual gest\u00e3o t\u00eam reduzido os principais indicadores criminais nas zonas rurais do estado de S\u00e3o Paulo. Os roubos, por exemplo, ca\u00edram 36,7% nos primeiros cinco meses deste ano em compara\u00e7\u00e3o com o mesmo per\u00edodo de 2022, passando de 251 ocorr\u00eancias para 159. Se analisado somente os roubos de ve\u00edculos, a queda \u00e9 de 12,9% (de 85 para 74). J\u00e1 os furtos de ve\u00edculos reduziram de 198 para 188 na atual gest\u00e3o.<\/p>\n\n\n\n<p>Entre janeiro a maio deste ano, foram registrados 3,6 mil furtos. O n\u00famero \u00e9 29,5% menor do que no mesmo per\u00edodo de 2022, quando foram 5,1 mil. Al\u00e9m disso, esse ano a Pol\u00edcia Civil registrou 29 homic\u00eddios, quatro a menos do que nos primeiros cinco meses de 2022.&nbsp;<\/p>\n\n\n\n<p>Al\u00e9m disso, programas como o Agro SP+Seguro e o Rotas Rurais t\u00eam colaborado para a atua\u00e7\u00e3o das pol\u00edcias no combate aos criminosos que atuam no meio rural.<\/p>\n\n\n\n<p>Com o objetivo de ampliar ainda mais a seguran\u00e7a no campo, a Secretaria da Seguran\u00e7a P\u00fablica (SSP) e da Agricultura e Abastecimento assinaram, nesta quarta-feira (3), no Pal\u00e1cio dos Bandeirantes, uma resolu\u00e7\u00e3o estabelecendo procedimentos para executar atividades que v\u00e3o otimizar as ferramentas de seguran\u00e7a na \u00e1rea rural.&nbsp;<\/p>\n\n\n\n<figure class=\"wp-block-image\"><img data-recalc-dims=\"1\" decoding=\"async\" src=\"https:\/\/i0.wp.com\/www.ssp.sp.gov.br\/midia\/Imagem\/D00055364.jpg?w=708\" alt=\"\"\/><\/figure>\n\n\n\n<p>O documento prop\u00f5e a cria\u00e7\u00e3o de um grupo de trabalho para estudar e debater estrat\u00e9gias, al\u00e9m de elaborar as a\u00e7\u00f5es que v\u00e3o contribuir para as atividades de seguran\u00e7a.&nbsp;<\/p>\n\n\n\n<p>A inten\u00e7\u00e3o \u00e9 mapear as \u00e1reas com maior incid\u00eancia criminal no estado para propor medidas e ordem de prioridade de a\u00e7\u00f5es de seguran\u00e7a p\u00fablica. Para isso, munic\u00edpios, entidades e outros \u00f3rg\u00e3os governamentais v\u00e3o participar das discuss\u00f5es.<\/p>\n\n\n\n<p>O governador de S\u00e3o Paulo, Tarc\u00edsio de Freitas, destacou durante o evento que \u201cum conjunto de fatores\u201d adotados pela atual gest\u00e3o est\u00e1 proporcionando mais seguran\u00e7a nas \u00e1reas rurais. \u201cO nosso objetivo \u00e9 tornar o campo mais seguro, por isso que hoje est\u00e1 saindo essa resolu\u00e7\u00e3o conjunta entre as secretarias\u201d, disse o governador ao apontar o uso da tecnologia e a amplia\u00e7\u00e3o das investiga\u00e7\u00f5es para coibir os crimes no campo.<\/p>\n\n\n\n<p>Para que isso aconte\u00e7a de forma estrat\u00e9gica, a SSP se comprometeu a publicar mensalmente as estat\u00edsticas dos crimes ocorridos no campo, com indica\u00e7\u00e3o dos munic\u00edpios das ocorr\u00eancias, para an\u00e1lise e cria\u00e7\u00e3o de meios de policiamento mais eficientes.<\/p>\n\n\n\n<p>\u201cAgora, nessa parceria, com o investimento em tecnologia, com a Rota Rural, o uso do georreferenciamento e a pronta resposta das for\u00e7as de seguran\u00e7a est\u00e3o possibilitando maior seguran\u00e7a aos propriet\u00e1rios. A tend\u00eancia, cada vez mais, \u00e9 ampliar a prote\u00e7\u00e3o e reduzir os indicadores criminais nas \u00e1reas rurais\u201d, disse o secret\u00e1rio da Seguran\u00e7a P\u00fablica, Guilherme Derrite.<\/p>\n\n\n\n<p>O an\u00fancio tamb\u00e9m contemplou o aprimoramento do programa Agro SP+Seguro, da Secretaria de Agricultura, e lan\u00e7ou uma cartilha com dicas de seguran\u00e7a para a popula\u00e7\u00e3o do campo.<\/p>\n\n\n\n<p>&#8220;Precisamos garantir a seguran\u00e7a da mulher e do homem do campo. Com a inclus\u00e3o da Secretaria da Agricultura no sistema de informa\u00e7\u00f5es da Seguran\u00e7a P\u00fablica e com o Rotas Rurais, iremos manter a paz no campo&#8221;, destacou o secret\u00e1rio de Agricultura e Abastecimento do estado, Guilherme Piai.<\/p>\n\n\n\n<p><strong><em><strong><em><strong><em><strong><em><strong><em><strong><em><strong><em><strong><em><strong>Siga nossas redes sociais no\u00a0<a href=\"https:\/\/www.instagram.com\/ronipaparazzi\/\">Instagram\u00a0<\/a>e\u00a0<a href=\"https:\/\/www.facebook.com\/ronipaparazzicomvoce\">Facebook<\/a>\u00a0participe da nossa comunidade do Canal Roni Paparazzi no Whatsapp e receba as principais not\u00edcias do dia direto no seu celular.<\/strong>\u00a0<a href=\"https:\/\/chat.whatsapp.com\/GsG1XKo0jPOEfjzudWQcml\" target=\"_blank\" rel=\"noreferrer noopener\">\u00a0Clique aqui e se inscreva.<\/a><\/em><\/strong><\/em><\/strong><\/em><\/strong><\/em><\/strong><\/em><\/strong><\/em><\/strong><\/em><\/strong><\/em><\/strong><\/p>\n","protected":false},"excerpt":{"rendered":"<p>O Governo de S\u00e3o Paulo est\u00e1 ampliando o investimento para garantir a seguran\u00e7a no campo. Al\u00e9m da atua\u00e7\u00e3o das for\u00e7as de seguran\u00e7a, a inten\u00e7\u00e3o \u00e9 mobilizar munic\u00edpios, associa\u00e7\u00f5es e moradores para criar estrat\u00e9gias em \u00e1reas rurais que contribuir\u00e3o para as atividades de seguran\u00e7a no campo. Os esfor\u00e7os e investimentos promovidos pela atual gest\u00e3o t\u00eam reduzido &hellip;<\/p>\n","protected":false},"author":1,"featured_media":10570,"comment_status":"open","ping_status":"open","sticky":false,"template":"","format":"standard","meta":{"_jetpack_memberships_contains_paid_content":false,"footnotes":"","jetpack_publicize_message":"","jetpack_publicize_feature_enabled":true,"jetpack_social_post_already_shared":false,"jetpack_social_options":{"image_generator_settings":{"template":"highway","default_image_id":0,"enabled":false},"version":2}},"categories":[3],"tags":[],"class_list":["post-10569","post","type-post","status-publish","format-standard","has-post-thumbnail","hentry","category-policial"],"jetpack_publicize_connections":[],"jetpack_featured_media_url":"https:\/\/i0.wp.com\/www.paparazzinews.com.br\/wp-content\/uploads\/2024\/07\/amplia-acoes.jpg?fit=1000%2C667&ssl=1","views":"1344","jetpack_likes_enabled":true,"jetpack_sharing_enabled":true,"_links":{"self":[{"href":"https:\/\/www.paparazzinews.com.br\/index.php?rest_route=\/wp\/v2\/posts\/10569","targetHints":{"allow":["GET"]}}],"collection":[{"href":"https:\/\/www.paparazzinews.com.br\/index.php?rest_route=\/wp\/v2\/posts"}],"about":[{"href":"https:\/\/www.paparazzinews.com.br\/index.php?rest_route=\/wp\/v2\/types\/post"}],"author":[{"embeddable":true,"href":"https:\/\/www.paparazzinews.com.br\/index.php?rest_route=\/wp\/v2\/users\/1"}],"replies":[{"embeddable":true,"href":"https:\/\/www.paparazzinews.com.br\/index.php?rest_route=%2Fwp%2Fv2%2Fcomments&post=10569"}],"version-history":[{"count":1,"href":"https:\/\/www.paparazzinews.com.br\/index.php?rest_route=\/wp\/v2\/posts\/10569\/revisions"}],"predecessor-version":[{"id":10571,"href":"https:\/\/www.paparazzinews.com.br\/index.php?rest_route=\/wp\/v2\/posts\/10569\/revisions\/10571"}],"wp:featuredmedia":[{"embeddable":true,"href":"https:\/\/www.paparazzinews.com.br\/index.php?rest_route=\/wp\/v2\/media\/10570"}],"wp:attachment":[{"href":"https:\/\/www.paparazzinews.com.br\/index.php?rest_route=%2Fwp%2Fv2%2Fmedia&parent=10569"}],"wp:term":[{"taxonomy":"category","embeddable":true,"href":"https:\/\/www.paparazzinews.com.br\/index.php?rest_route=%2Fwp%2Fv2%2Fcategories&post=10569"},{"taxonomy":"post_tag","embeddable":true,"href":"https:\/\/www.paparazzinews.com.br\/index.php?rest_route=%2Fwp%2Fv2%2Ftags&post=10569"}],"curies":[{"name":"wp","href":"https:\/\/api.w.org\/{rel}","templated":true}]}}