{"id":1053,"date":"2022-11-04T10:09:54","date_gmt":"2022-11-04T13:09:54","guid":{"rendered":"https:\/\/www.paparazzinews.com.br\/?p=1053"},"modified":"2022-11-04T10:09:54","modified_gmt":"2022-11-04T13:09:54","slug":"domingo-tem-porco-no-rolete-em-andradina","status":"publish","type":"post","link":"https:\/\/www.paparazzinews.com.br\/?p=1053","title":{"rendered":"Domingo tem Porco no Rolete em Andradina"},"content":{"rendered":"\n<p>O Prefeito de Andradina M\u00e1rio Celso Lopes recebeu a visita dos membros da Creche Nana Nen\u00ea Ant\u00f4nio Paulo Geraldo e Osmar Munhoz que vieram anunciar o retorno de uma tradicional festa andradinense: O Porco no Rolete, que ser\u00e1 realizado domingo (6).<\/p>\n\n\n\n<p>\u201cA vida voltou ao normal e vemos no sucesso desta festa a solidariedade da nossa gente. Vamos colaborar\u201d, disse o prefeito. A festa \u00e9 uma das maiores manifesta\u00e7\u00f5es gastron\u00f4micas da regi\u00e3o e sua 13\u00aa edi\u00e7\u00e3o est\u00e1 confirmada para o dia 6 de novembro na sede da Associa\u00e7\u00e3o Assistencial, Cultural e Esportiva de Andradina (AACEA), \u00e0 Rua Jean Bernard, n\u00ba 885, no Jardim Europa.<\/p>\n\n\n\n<p>O tradicional card\u00e1pio, com porco assado, recheado e pele pururucada, acompanhado de arroz branco, farofa, feij\u00e3o gordo, saladas e abacaxi ser\u00e1 servido para mais de mil pessoas. O card\u00e1pio \u00e9 simples mas carregado de tradi\u00e7\u00f5es, que come\u00e7am no dia anterior com tempero da carne que vai ao fogo ainda de madrugada para que chegue ao ponto na hora do almo\u00e7o. Tradi\u00e7\u00e3o \u00e9 a marca da equipe respons\u00e1vel por assar aproximadamente 16 porcos em cada edi\u00e7\u00e3o do evento.<\/p>\n\n\n\n<p><strong>Uni\u00e3o de todos<\/strong><br>Promovida e em prol da Creche e Ber\u00e7\u00e1rio Nana Nen\u00ea de Andradina, o almo\u00e7o beneficente re\u00fane membros de associa\u00e7\u00f5es, clubes de servi\u00e7o e lojas ma\u00e7\u00f4nicas da cidade que empenham seu trabalho volunt\u00e1rio no evento.<\/p>\n\n\n\n<p>A Creche e Ber\u00e7\u00e1rio Nana Nen\u00ea atende crian\u00e7as de 0 a 04 anos incompletos e \u00e9 mantida pela Associa\u00e7\u00e3o Esp\u00edrita Andr\u00e9 Luiz que n\u00e3o possui fins lucrativos e atua solidariamente desde que foi fundada em 1952, atendendo gratuitamente; realizando obras sociais tais como atendimento domiciliar, distribui\u00e7\u00e3o de cestas b\u00e1sicas e objetos dom\u00e9sticos.<\/p>\n","protected":false},"excerpt":{"rendered":"<p>O Prefeito de Andradina M\u00e1rio Celso Lopes recebeu a visita dos membros da Creche Nana Nen\u00ea Ant\u00f4nio Paulo Geraldo e Osmar Munhoz que vieram anunciar o retorno de uma tradicional festa andradinense: O Porco no Rolete, que ser\u00e1 realizado domingo (6). \u201cA vida voltou ao normal e vemos no sucesso desta festa a solidariedade da &hellip;<\/p>\n","protected":false},"author":1,"featured_media":1054,"comment_status":"open","ping_status":"open","sticky":false,"template":"","format":"standard","meta":{"_jetpack_memberships_contains_paid_content":false,"footnotes":"","jetpack_publicize_message":"","jetpack_publicize_feature_enabled":true,"jetpack_social_post_already_shared":false,"jetpack_social_options":{"image_generator_settings":{"template":"highway","default_image_id":0,"enabled":false},"version":2}},"categories":[6],"tags":[],"class_list":["post-1053","post","type-post","status-publish","format-standard","has-post-thumbnail","hentry","category-entretenimento"],"jetpack_publicize_connections":[],"jetpack_featured_media_url":"https:\/\/i0.wp.com\/www.paparazzinews.com.br\/wp-content\/uploads\/2022\/11\/76caa2dd-9669-401a-8a69-02672d47b3ac-e1667567385853.jpg?fit=1000%2C582&ssl=1","views":"2416","jetpack_likes_enabled":true,"jetpack_sharing_enabled":true,"_links":{"self":[{"href":"https:\/\/www.paparazzinews.com.br\/index.php?rest_route=\/wp\/v2\/posts\/1053","targetHints":{"allow":["GET"]}}],"collection":[{"href":"https:\/\/www.paparazzinews.com.br\/index.php?rest_route=\/wp\/v2\/posts"}],"about":[{"href":"https:\/\/www.paparazzinews.com.br\/index.php?rest_route=\/wp\/v2\/types\/post"}],"author":[{"embeddable":true,"href":"https:\/\/www.paparazzinews.com.br\/index.php?rest_route=\/wp\/v2\/users\/1"}],"replies":[{"embeddable":true,"href":"https:\/\/www.paparazzinews.com.br\/index.php?rest_route=%2Fwp%2Fv2%2Fcomments&post=1053"}],"version-history":[{"count":1,"href":"https:\/\/www.paparazzinews.com.br\/index.php?rest_route=\/wp\/v2\/posts\/1053\/revisions"}],"predecessor-version":[{"id":1055,"href":"https:\/\/www.paparazzinews.com.br\/index.php?rest_route=\/wp\/v2\/posts\/1053\/revisions\/1055"}],"wp:featuredmedia":[{"embeddable":true,"href":"https:\/\/www.paparazzinews.com.br\/index.php?rest_route=\/wp\/v2\/media\/1054"}],"wp:attachment":[{"href":"https:\/\/www.paparazzinews.com.br\/index.php?rest_route=%2Fwp%2Fv2%2Fmedia&parent=1053"}],"wp:term":[{"taxonomy":"category","embeddable":true,"href":"https:\/\/www.paparazzinews.com.br\/index.php?rest_route=%2Fwp%2Fv2%2Fcategories&post=1053"},{"taxonomy":"post_tag","embeddable":true,"href":"https:\/\/www.paparazzinews.com.br\/index.php?rest_route=%2Fwp%2Fv2%2Ftags&post=1053"}],"curies":[{"name":"wp","href":"https:\/\/api.w.org\/{rel}","templated":true}]}}