{"id":10522,"date":"2024-07-01T17:43:50","date_gmt":"2024-07-01T20:43:50","guid":{"rendered":"https:\/\/www.paparazzinews.com.br\/?p=10522"},"modified":"2024-07-01T17:43:51","modified_gmt":"2024-07-01T20:43:51","slug":"responsabilidade-social-aguas-andradina-apoia-pm-na-formatura-dos-alunos-do-proerd","status":"publish","type":"post","link":"https:\/\/www.paparazzinews.com.br\/?p=10522","title":{"rendered":"RESPONSABILIDADE SOCIAL: \u00c1guas Andradina apoia PM na formatura dos alunos do Proerd"},"content":{"rendered":"\n<p>Na \u00faltima quarta-feira (25\/06), a \u00c1guas Andradina e \u00c1guas Castilho, empresas do grupo Igu\u00e1 Saneamento e Sabesp, foram representadas pela Coordenadora de Clientes, Cristiane Rosa Madruga Pereira, e a Assistente de Responsabilidade Social, Tamires Melissa da Silva Miranda, na tradicional cerim\u00f4nia de formatura do Programa Educacional de Resist\u00eancia \u00e0s Drogas e \u00e0 Viol\u00eancia, uma parceria do Batalh\u00e3o de Pol\u00edcia Militar do Interior com a Secretaria de Educa\u00e7\u00e3o da Prefeitura de Andradina.<\/p>\n\n\n\n<p>O evento aconteceu no Gin\u00e1sio Municipal de Esportes e contou com a presen\u00e7a de cerca de 550 alunos de escolas da rede p\u00fablica de ensino do munic\u00edpio. Por acreditar no poder transformador do conhecimento e da educa\u00e7\u00e3o, a \u00c1guas Andradina apoiou esse projeto com a doa\u00e7\u00e3o de bicicletas que foram sorteadas para as crian\u00e7as destaques de cada sala na produ\u00e7\u00e3o da reda\u00e7\u00e3o deste ano. Esta iniciativa faz parte das iniciativas de Responsabilidade Social da concession\u00e1ria.<\/p>\n\n\n\n<p>Saiba mais sobre os trabalhos realizados pela \u00c1guas Andradina no site www.igua.com.br\/andradina.<\/p>\n\n\n\n<p><strong><em><strong><em><strong><em><strong><em><strong><em><strong><em><strong><em><strong><em><strong>Siga nossas redes sociais no\u00a0<a href=\"https:\/\/www.instagram.com\/ronipaparazzi\/\">Instagram\u00a0<\/a>e\u00a0<a href=\"https:\/\/www.facebook.com\/ronipaparazzicomvoce\">Facebook<\/a>\u00a0participe da nossa comunidade do Canal Roni Paparazzi no Whatsapp e receba as principais not\u00edcias do dia direto no seu celular.<\/strong>\u00a0<a href=\"https:\/\/chat.whatsapp.com\/GsG1XKo0jPOEfjzudWQcml\" target=\"_blank\" rel=\"noreferrer noopener\">\u00a0Clique aqui e se inscreva.<\/a><\/em><\/strong><\/em><\/strong><\/em><\/strong><\/em><\/strong><\/em><\/strong><\/em><\/strong><\/em><\/strong><\/em><\/strong><\/p>\n\n\n\n<p><a href=\"https:\/\/www.paparazzinews.com.br\/wp-admin\/post.php?post=10517&amp;action=edit\"><\/a><\/p>\n","protected":false},"excerpt":{"rendered":"<p>Na \u00faltima quarta-feira (25\/06), a \u00c1guas Andradina e \u00c1guas Castilho, empresas do grupo Igu\u00e1 Saneamento e Sabesp, foram representadas pela Coordenadora de Clientes, Cristiane Rosa Madruga Pereira, e a Assistente de Responsabilidade Social, Tamires Melissa da Silva Miranda, na tradicional cerim\u00f4nia de formatura do Programa Educacional de Resist\u00eancia \u00e0s Drogas e \u00e0 Viol\u00eancia, uma parceria &hellip;<\/p>\n","protected":false},"author":1,"featured_media":10523,"comment_status":"open","ping_status":"open","sticky":false,"template":"","format":"standard","meta":{"_jetpack_memberships_contains_paid_content":false,"footnotes":"","jetpack_publicize_message":"","jetpack_publicize_feature_enabled":true,"jetpack_social_post_already_shared":false,"jetpack_social_options":{"image_generator_settings":{"template":"highway","default_image_id":0,"enabled":false},"version":2}},"categories":[6],"tags":[],"class_list":["post-10522","post","type-post","status-publish","format-standard","has-post-thumbnail","hentry","category-entretenimento"],"jetpack_publicize_connections":[],"jetpack_featured_media_url":"https:\/\/i0.wp.com\/www.paparazzinews.com.br\/wp-content\/uploads\/2024\/07\/f96f520b-eb9a-445c-ac54-9365b51123a5.jpeg?fit=1280%2C853&ssl=1","views":"2905","jetpack_likes_enabled":true,"jetpack_sharing_enabled":true,"_links":{"self":[{"href":"https:\/\/www.paparazzinews.com.br\/index.php?rest_route=\/wp\/v2\/posts\/10522","targetHints":{"allow":["GET"]}}],"collection":[{"href":"https:\/\/www.paparazzinews.com.br\/index.php?rest_route=\/wp\/v2\/posts"}],"about":[{"href":"https:\/\/www.paparazzinews.com.br\/index.php?rest_route=\/wp\/v2\/types\/post"}],"author":[{"embeddable":true,"href":"https:\/\/www.paparazzinews.com.br\/index.php?rest_route=\/wp\/v2\/users\/1"}],"replies":[{"embeddable":true,"href":"https:\/\/www.paparazzinews.com.br\/index.php?rest_route=%2Fwp%2Fv2%2Fcomments&post=10522"}],"version-history":[{"count":1,"href":"https:\/\/www.paparazzinews.com.br\/index.php?rest_route=\/wp\/v2\/posts\/10522\/revisions"}],"predecessor-version":[{"id":10524,"href":"https:\/\/www.paparazzinews.com.br\/index.php?rest_route=\/wp\/v2\/posts\/10522\/revisions\/10524"}],"wp:featuredmedia":[{"embeddable":true,"href":"https:\/\/www.paparazzinews.com.br\/index.php?rest_route=\/wp\/v2\/media\/10523"}],"wp:attachment":[{"href":"https:\/\/www.paparazzinews.com.br\/index.php?rest_route=%2Fwp%2Fv2%2Fmedia&parent=10522"}],"wp:term":[{"taxonomy":"category","embeddable":true,"href":"https:\/\/www.paparazzinews.com.br\/index.php?rest_route=%2Fwp%2Fv2%2Fcategories&post=10522"},{"taxonomy":"post_tag","embeddable":true,"href":"https:\/\/www.paparazzinews.com.br\/index.php?rest_route=%2Fwp%2Fv2%2Ftags&post=10522"}],"curies":[{"name":"wp","href":"https:\/\/api.w.org\/{rel}","templated":true}]}}