{"id":10478,"date":"2024-06-25T17:48:47","date_gmt":"2024-06-25T20:48:47","guid":{"rendered":"https:\/\/www.paparazzinews.com.br\/?p=10478"},"modified":"2024-06-25T17:48:48","modified_gmt":"2024-06-25T20:48:48","slug":"projeto-de-equoterapia-da-apae-apoiado-pela-aguas-andradina-completa-seis-anos","status":"publish","type":"post","link":"https:\/\/www.paparazzinews.com.br\/?p=10478","title":{"rendered":"Projeto de equoterapia da Apae, apoiado pela \u00c1guas Andradina, completa seis anos"},"content":{"rendered":"\n<p>Em um cen\u00e1rio onde a educa\u00e7\u00e3o se encontra com a responsabilidade social, a Apae Andradina e a \u00c1guas Andradina, empresa da Igu\u00e1 Saneamento e Sabesp, se unem para apoiar o desenvolvimento de crian\u00e7as com defici\u00eancias e necessidades especiais atrav\u00e9s do Projeto de Equoterapia \u201cCavalArte Equoterapia\u201d.<\/p>\n\n\n\n<p>Unindo t\u00e9cnicas de equita\u00e7\u00e3o e atividades de educa\u00e7\u00e3o multidisciplinar, em um ambiente de muito contato com a natureza, a finalidade do projeto \u00e9 reabilitar, educar e promover o desenvolvimento motor, psicol\u00f3gico e social, melhorando a qualidade de vida das crian\u00e7as e adolescentes com defici\u00eancia intelectual\/ m\u00faltipla e Transtorno do Espectro Autista. As atividades acontecem \u00e0s segundas, quintas e sextas, no Recinto de Exposi\u00e7\u00f5es Miguel Rodrigues da Silva, e atendem a dez alunos por ano, desde 2018, beneficiando diretamente cerca de 50 pessoas, entre alunos e familiares.<\/p>\n\n\n\n<p>O Projeto de Equoterapia tem sido um farol de esperan\u00e7a para crian\u00e7as como o Caio, de 10 anos, diagnosticado com Transtorno do Espectro Autista (TEA). Segundo seu pai, Jo\u00e3o Paulo Lima Severino, o menino apresentava estereotipias, tremores, problemas de coordena\u00e7\u00e3o motora e fraqueza muscular. &#8220;Ele melhorou muito. A aten\u00e7\u00e3o com o cavalo o acalma, e ele estava muito agitado e ansioso. Agora, ele mal v\u00ea a hora de chegar o dia das aulas&#8221;, relata Jo\u00e3o Paulo, emocionado com o progresso do filho.<\/p>\n\n\n\n<p>Assim como Caio, a hist\u00f3ria de Vicenzzo, de 15 anos, portador de S\u00edndrome de Down, tamb\u00e9m \u00e9 marcada por evolu\u00e7\u00f5es significativas. Frequentador do projeto desde os 8 anos, Vicenzzo, segundo sua m\u00e3e, Rosana Vieira de Ara\u00fajo Luciano, &#8220;adora vir para c\u00e1&#8221;. Ela observa melhoras na postura, concentra\u00e7\u00e3o, foco e socializa\u00e7\u00e3o do filho. &#8220;Ele tem mais for\u00e7a, coordena\u00e7\u00e3o e equil\u00edbrio. \u00c9 um lugar onde ele relaxa e se sente feliz&#8221;, completa Rosana.<\/p>\n\n\n\n<p>Assim tamb\u00e9m \u00e9 para a K\u00e1tia Pereira dos Santos, m\u00e3e da Vit\u00f3ria, de 9 anos, que comenta: &#8220;A equoterapia fez toda a diferen\u00e7a para a Vit\u00f3ria. Ajudou na fala, digest\u00e3o e musculatura. Ela fica feliz quando sabe que vai para as aulas com o &#8216;tio Eduardo&#8217;. O que ela mais gosta \u00e9 de brincar com os cavalos&#8221;.<\/p>\n\n\n\n<p>O \u201ctio Eduardo\u201d \u00e9 o professor Carlos Eduardo Conti, fisioterapeuta certificado pela Ande Brasil (Associa\u00e7\u00e3o Brasileira de Equoterapia), que coordena esse e outros projetos de equoterapia h\u00e1 mais de 10 anos. Juntamente com uma equipe de mais sete profissionais, Carlos Eduardo explica que a equita\u00e7\u00e3o pode ser um recurso transformador para reabilitar vidas:<\/p>\n\n\n\n<p>\u201cA equoterapia \u00e9 um m\u00e9todo terap\u00eautico e educacional, que utiliza o cavalo dentro de uma abordagem interdisciplinar, nas \u00e1reas de sa\u00fade, educa\u00e7\u00e3o e equita\u00e7\u00e3o, buscando o desenvolvimento biopsicossocial de pessoas portadoras de defici\u00eancia e\/ou com necessidades especiais. Aqui, o desenvolvimento \u00e9 \u00fanico para cada aluno. Acompanhar a evolu\u00e7\u00e3o deles dia a dia \u00e9 o que nos motiva\u201d<\/p>\n\n\n\n<p><strong>Um Compromisso Inabal\u00e1vel com a Responsabilidade Social<\/strong><\/p>\n\n\n\n<p>Para a \u00c1guas Andradina, essa parceria transcende os limites de um simples patroc\u00ednio. \u00c9 a express\u00e3o concreta do compromisso da empresa com o bem-estar da comunidade. &#8220;A continuidade deste projeto \u00e9 de extrema import\u00e2ncia. Os resultados alcan\u00e7ados com as crian\u00e7as participantes s\u00e3o not\u00e1veis, e acompanhar o desenvolvimento delas e a melhoria em sua qualidade de vida torna todo o investimento no projeto valioso&#8221;, afirma Alexandre Cazetto Pardim, gerente operacional da \u00c1guas Andradina.<\/p>\n\n\n\n<p>Lidia Yoshie Nakaguma Shimizu, diretora da APAE Andradina, tamb\u00e9m ressalta a import\u00e2ncia da continuidade do Projeto: \u201cEste projeto s\u00f3 se realiza pelo importante apoio financeiro da Empresa \u00c1guas de Andradina, que demonstra sua responsabilidade social, solid\u00e1ria \u00e0s pessoas com defici\u00eancia intelectual\/m\u00faltipla e com Transtorno do Espectro Autista, com generosidade, \u00e9tica, reconhecendo a necessidade e a import\u00e2ncia de promover este apoio, minimizando as limita\u00e7\u00f5es, promovendo a inclus\u00e3o de direito.<\/p>\n\n\n\n<p>Para o diretor-geral da \u00c1guas Andradina, Luis Guilherme Bizelli, essa parceria \u00e9 motivo de muito orgulho para toda a equipe. \u201cNosso trabalho est\u00e1 totalmente ligado \u00e0 responsabilidade social e melhoria da qualidade de vida dos moradores de Andradina. Apoiar um projeto t\u00e3o importante como esse nos aproxima ainda mais da comunidade\u201d, afirma.<\/p>\n\n\n\n<p>O projeto tem espa\u00e7o para receber mais crian\u00e7as e quem se interessar em ser um apoiador \u00e9 s\u00f3 entrar em contato pelo telefone: (18) 988107774. Para conhecer a atua\u00e7\u00e3o da Apae em Andradina, o endere\u00e7o \u00e9 Rua S\u00e3o Paulo, 149, e o telefone (18) 3722-3081.<\/p>\n\n\n\n<p><strong><em><strong><em><strong><em><strong><em><strong><em><strong><em><strong><em><strong><em><strong>Siga nossas redes sociais no\u00a0<a href=\"https:\/\/www.instagram.com\/ronipaparazzi\/\">Instagram\u00a0<\/a>e\u00a0<a href=\"https:\/\/www.facebook.com\/ronipaparazzicomvoce\">Facebook<\/a>\u00a0participe da nossa comunidade do Canal Roni Paparazzi no Whatsapp e receba as principais not\u00edcias do dia direto no seu celular.<\/strong>\u00a0<a href=\"https:\/\/chat.whatsapp.com\/GsG1XKo0jPOEfjzudWQcml\" target=\"_blank\" rel=\"noreferrer noopener\">\u00a0Clique aqui e se inscreva.<\/a><\/em><\/strong><\/em><\/strong><\/em><\/strong><\/em><\/strong><\/em><\/strong><\/em><\/strong><\/em><\/strong><\/em><\/strong><\/p>\n","protected":false},"excerpt":{"rendered":"<p>Em um cen\u00e1rio onde a educa\u00e7\u00e3o se encontra com a responsabilidade social, a Apae Andradina e a \u00c1guas Andradina, empresa da Igu\u00e1 Saneamento e Sabesp, se unem para apoiar o desenvolvimento de crian\u00e7as com defici\u00eancias e necessidades especiais atrav\u00e9s do Projeto de Equoterapia \u201cCavalArte Equoterapia\u201d. Unindo t\u00e9cnicas de equita\u00e7\u00e3o e atividades de educa\u00e7\u00e3o multidisciplinar, em &hellip;<\/p>\n","protected":false},"author":1,"featured_media":10479,"comment_status":"open","ping_status":"open","sticky":false,"template":"","format":"standard","meta":{"_jetpack_memberships_contains_paid_content":false,"footnotes":"","jetpack_publicize_message":"","jetpack_publicize_feature_enabled":true,"jetpack_social_post_already_shared":false,"jetpack_social_options":{"image_generator_settings":{"template":"highway","default_image_id":0,"enabled":false},"version":2}},"categories":[6],"tags":[],"class_list":["post-10478","post","type-post","status-publish","format-standard","has-post-thumbnail","hentry","category-entretenimento"],"jetpack_publicize_connections":[],"jetpack_featured_media_url":"https:\/\/i0.wp.com\/www.paparazzinews.com.br\/wp-content\/uploads\/2024\/06\/a8e4e071-e481-41c1-bb8c-05436e1b6e8b.jpeg?fit=1600%2C1200&ssl=1","views":"2743","jetpack_likes_enabled":true,"jetpack_sharing_enabled":true,"_links":{"self":[{"href":"https:\/\/www.paparazzinews.com.br\/index.php?rest_route=\/wp\/v2\/posts\/10478","targetHints":{"allow":["GET"]}}],"collection":[{"href":"https:\/\/www.paparazzinews.com.br\/index.php?rest_route=\/wp\/v2\/posts"}],"about":[{"href":"https:\/\/www.paparazzinews.com.br\/index.php?rest_route=\/wp\/v2\/types\/post"}],"author":[{"embeddable":true,"href":"https:\/\/www.paparazzinews.com.br\/index.php?rest_route=\/wp\/v2\/users\/1"}],"replies":[{"embeddable":true,"href":"https:\/\/www.paparazzinews.com.br\/index.php?rest_route=%2Fwp%2Fv2%2Fcomments&post=10478"}],"version-history":[{"count":1,"href":"https:\/\/www.paparazzinews.com.br\/index.php?rest_route=\/wp\/v2\/posts\/10478\/revisions"}],"predecessor-version":[{"id":10480,"href":"https:\/\/www.paparazzinews.com.br\/index.php?rest_route=\/wp\/v2\/posts\/10478\/revisions\/10480"}],"wp:featuredmedia":[{"embeddable":true,"href":"https:\/\/www.paparazzinews.com.br\/index.php?rest_route=\/wp\/v2\/media\/10479"}],"wp:attachment":[{"href":"https:\/\/www.paparazzinews.com.br\/index.php?rest_route=%2Fwp%2Fv2%2Fmedia&parent=10478"}],"wp:term":[{"taxonomy":"category","embeddable":true,"href":"https:\/\/www.paparazzinews.com.br\/index.php?rest_route=%2Fwp%2Fv2%2Fcategories&post=10478"},{"taxonomy":"post_tag","embeddable":true,"href":"https:\/\/www.paparazzinews.com.br\/index.php?rest_route=%2Fwp%2Fv2%2Ftags&post=10478"}],"curies":[{"name":"wp","href":"https:\/\/api.w.org\/{rel}","templated":true}]}}