{"id":10475,"date":"2024-06-25T17:40:29","date_gmt":"2024-06-25T20:40:29","guid":{"rendered":"https:\/\/www.paparazzinews.com.br\/?p=10475"},"modified":"2024-06-25T17:40:30","modified_gmt":"2024-06-25T20:40:30","slug":"jornada-da-cidadania-no-cr-oferece-atendimentos-que-ajudam-na-reintegracao-social-de-reeducandos","status":"publish","type":"post","link":"https:\/\/www.paparazzinews.com.br\/?p=10475","title":{"rendered":"Jornada da Cidadania no CR oferece atendimentos que ajudam na reintegra\u00e7\u00e3o social de reeducandos"},"content":{"rendered":"\n<p>O p\u00fablico convidado para participar da Jornada da Cidadania, Trabalho e Renda, no Centro de Ressocializa\u00e7\u00e3o (CR) de Presidente Prudente, em 20 de junho, desfrutou de uma verdadeira experi\u00eancia de reintegra\u00e7\u00e3o social. Com o tema \u201cO Xadrez da Vida\u201d, o evento destacou as escolhas que todos podem adotar no decorrer da vida como forma de est\u00edmulo positivo \u00e0 reintegra\u00e7\u00e3o social dos privados de liberdade da unidade.A Jornada \u00e9 uma realiza\u00e7\u00e3o da Secretaria da Administra\u00e7\u00e3o Penitenci\u00e1ria (SAP), por meio do Grupo de Capacita\u00e7\u00e3o, Aperfei\u00e7oamento e Empregabilidade (GCAE), da Coordenadoria de Reintegra\u00e7\u00e3o Social e Cidadania (CRSC), em parceria com a Coordenadoria Regional de Unidades Prisionais da Regi\u00e3o Oeste (Croeste).<\/p>\n\n\n\n<p>\u201c\u00c9 com imensa satisfa\u00e7\u00e3o que represento nesta solenidade nossa equipe que, com seu valoroso empenho, contribuiu para a concretiza\u00e7\u00e3o deste evento. Todas as decis\u00f5es foram discutidas com a participa\u00e7\u00e3o de servidores e colaboradores\u201d, enfatizou a Diretora T\u00e9cnica da Unidade, Mirian Barrocal Tardim Collete.<\/p>\n\n\n\n<p>O tema \u201cO Xadrez da Vida\u201d foi inspirado no filme Jogada de Rei, que narra a hist\u00f3ria real de um ex-presidi\u00e1rio. De volta \u00e0 liberdade, ele tenta recome\u00e7ar a vida trabalhando como faxineiro em uma escola p\u00fablica. O local enfrenta diversos transtornos causados por um grupo de alunos que davam problemas, que conseguiram at\u00e9 mesmo expulsar uma professora. Encarregado de tomar conta deles, o personagem tem uma ideia: criar um clube de xadrez para ensin\u00e1-los a pensar antes de agir.<\/p>\n\n\n\n<p>\u201cFizemos um paralelo entre o jogo de xadrez e a experi\u00eancia da vida, pois podemos, atrav\u00e9s de nossas escolhas, mudar a nossa realidade, vencer o preconceito e fazer a diferen\u00e7a\u201d, refletiu a gestora.<br>De acordo com ela, seja na Jornada ou na rotina da unidade, s\u00e3o oferecidas oportunidades aos reeducandos para que o processo de ressocializa\u00e7\u00e3o verdadeiramente ocorra, mas cabe a cada um deles a decis\u00e3o pela transforma\u00e7\u00e3o.<\/p>\n\n\n\n<p>A Coordenadora Carolina Passos Branquinho Maracaj\u00e1 da Silva, da Coordenadoria de Reintegra\u00e7\u00e3o Social e Cidadania, conta que, desde 2015, a Jornada da Cidadania tem sido um agente transformador n\u00e3o s\u00f3 de privados de liberdade, mas tamb\u00e9m da sociedade.<\/p>\n\n\n\n<p>\u201cQue voc\u00eas digam sim para cada oferta desta Jornada. O mais dif\u00edcil \u00e9 entender que errou, mas o mais importante \u00e9 dizer o sim. A reintegra\u00e7\u00e3o come\u00e7a dentro de voc\u00eas\u201d, declarou.<\/p>\n\n\n\n<p>Para o Tenente Coronel de Pol\u00edcia Militar, Marcelo Moura, comandante do 8\u00ba Batalh\u00e3o de Opera\u00e7\u00f5es Especiais de Pol\u00edcia (Baep) de Presidente Prudente, as oportunidades oferecidas pela unidade s\u00e3o ocasi\u00f5es para que os reeducandos mostrem sua capacidade. \u201c\u00c9 preciso ter vontade, garra e resili\u00eancia, motor para quem quer conquistar alguma coisa na vida\u201d, aconselha.<\/p>\n\n\n\n<p>O Procurador do Estado, Jos\u00e9 Maria Zanuto, da Procuradoria Regional de Presidente Prudente, tamb\u00e9m esteve presente na solenidade. \u201cA Jornada tem nome perfeito porque est\u00e1 \u00e0 servi\u00e7o do cidad\u00e3o. Voc\u00eas est\u00e3o aqui de passagem, aproveitem para fazer esse investimento, acreditar e se prepararem para o futuro. Que possam ser exemplos de vida\u201d, disse.<\/p>\n\n\n\n<p>A emo\u00e7\u00e3o \u00e9 o sentimento despertado em cada Jornada visitada, segundo a Ju\u00edza Luciana Amstalden Bertoncini, do Departamento Estadual de Execu\u00e7\u00e3o Criminal (Deecrim) da 5\u00aa Regi\u00e3o Administrativa Judici\u00e1ria (RAJ) de Presidente Prudente.<\/p>\n\n\n\n<p>\u201cFico bastante tocada pelo trabalho que vejo aqui e feliz em ver todos os \u00f3rg\u00e3os e entidades juntos em um objetivo comum, que \u00e9 a ressocializa\u00e7\u00e3o. Desejo que os senhores (reeducandos) acreditem nessa transforma\u00e7\u00e3o\u201d, afirmou.<\/p>\n\n\n\n<p><br><strong>Comunidade<\/strong><br>Representantes de diversos \u00f3rg\u00e3os da comunidade estiveram na Jornada da Cidadania do CR de Presidente Prudente, tais como: Procuradoria Regional de Presidente Prudente, Defensoria P\u00fablica Estadual, For\u00e7a T\u00e1tica do 18\u00ba Batalh\u00e3o de Pol\u00edcia Militar, Centro Paula Souza &#8211; ETEC Ant\u00f4nio Eufr\u00e1sio de Toledo, Central de Aten\u00e7\u00e3o ao Egresso e \u00e0 Fam\u00edlia (CAEF), C\u00e9lula de Refer\u00eancia T\u00e9cnica da Regi\u00e3o Oeste, SENAC Presidente Prudente, Secretaria Municipal de Sa\u00fade, Hospital Regional de Presidente Prudente, Escola Estadual Vereador Pedro T\u00f3fano, Servi\u00e7o de Acolhimento para Popula\u00e7\u00e3o em Situa\u00e7\u00e3o de Rua (SAPRU), Associa\u00e7\u00e3o Filantr\u00f3pica de Prote\u00e7\u00e3o ao Cegos de Presidente Prudente, o artista pl\u00e1stico Jo\u00e3o C\u00e9lio da Silva Filho, o cantor e compositor Murilo Altafini, Pastoral Carcer\u00e1ria e Igreja Universal.<\/p>\n\n\n\n<p><strong>Perfil<\/strong><\/p>\n\n\n\n<p>O CR foi inaugurado em 2002 e faz a cust\u00f3dia de presos provis\u00f3rios e ao cumprimento de penas privativas de liberdade em regime fechado, em regime semiaberto ou em pris\u00e3o civil.<br>Os reeducandos provis\u00f3rios, condenados em regime fechado e, condenados\/progredidos em regime semiaberto, possuem perfil diferenciado, isto \u00e9, s\u00e3o r\u00e9us prim\u00e1rios, sem ind\u00edcios de envolvimento com organiza\u00e7\u00f5es criminosas, cujos familiares residam na regi\u00e3o e que n\u00e3o possuam registro de falta disciplinar de natureza grave.<\/p>\n\n\n\n<p><strong><em><strong><em><strong><em><strong><em><strong><em><strong><em><strong><em><strong><em><strong>Siga nossas redes sociais no\u00a0<a href=\"https:\/\/www.instagram.com\/ronipaparazzi\/\">Instagram\u00a0<\/a>e\u00a0<a href=\"https:\/\/www.facebook.com\/ronipaparazzicomvoce\">Facebook<\/a>\u00a0participe da nossa comunidade do Canal Roni Paparazzi no Whatsapp e receba as principais not\u00edcias do dia direto no seu celular.<\/strong>\u00a0<a href=\"https:\/\/chat.whatsapp.com\/GsG1XKo0jPOEfjzudWQcml\" target=\"_blank\" rel=\"noreferrer noopener\">\u00a0Clique aqui e se inscreva.<\/a><\/em><\/strong><\/em><\/strong><\/em><\/strong><\/em><\/strong><\/em><\/strong><\/em><\/strong><\/em><\/strong><\/em><\/strong><\/p>\n","protected":false},"excerpt":{"rendered":"<p>O p\u00fablico convidado para participar da Jornada da Cidadania, Trabalho e Renda, no Centro de Ressocializa\u00e7\u00e3o (CR) de Presidente Prudente, em 20 de junho, desfrutou de uma verdadeira experi\u00eancia de reintegra\u00e7\u00e3o social. Com o tema \u201cO Xadrez da Vida\u201d, o evento destacou as escolhas que todos podem adotar no decorrer da vida como forma de &hellip;<\/p>\n","protected":false},"author":1,"featured_media":10476,"comment_status":"open","ping_status":"open","sticky":false,"template":"","format":"standard","meta":{"_jetpack_memberships_contains_paid_content":false,"footnotes":"","jetpack_publicize_message":"","jetpack_publicize_feature_enabled":true,"jetpack_social_post_already_shared":false,"jetpack_social_options":{"image_generator_settings":{"template":"highway","default_image_id":0,"enabled":false},"version":2}},"categories":[6],"tags":[],"class_list":["post-10475","post","type-post","status-publish","format-standard","has-post-thumbnail","hentry","category-entretenimento"],"jetpack_publicize_connections":[],"jetpack_featured_media_url":"https:\/\/i0.wp.com\/www.paparazzinews.com.br\/wp-content\/uploads\/2024\/06\/39c797f9-a03d-4041-a8a8-6dba4a44ade6.jpeg?fit=1280%2C853&ssl=1","views":"2465","jetpack_likes_enabled":true,"jetpack_sharing_enabled":true,"_links":{"self":[{"href":"https:\/\/www.paparazzinews.com.br\/index.php?rest_route=\/wp\/v2\/posts\/10475","targetHints":{"allow":["GET"]}}],"collection":[{"href":"https:\/\/www.paparazzinews.com.br\/index.php?rest_route=\/wp\/v2\/posts"}],"about":[{"href":"https:\/\/www.paparazzinews.com.br\/index.php?rest_route=\/wp\/v2\/types\/post"}],"author":[{"embeddable":true,"href":"https:\/\/www.paparazzinews.com.br\/index.php?rest_route=\/wp\/v2\/users\/1"}],"replies":[{"embeddable":true,"href":"https:\/\/www.paparazzinews.com.br\/index.php?rest_route=%2Fwp%2Fv2%2Fcomments&post=10475"}],"version-history":[{"count":1,"href":"https:\/\/www.paparazzinews.com.br\/index.php?rest_route=\/wp\/v2\/posts\/10475\/revisions"}],"predecessor-version":[{"id":10477,"href":"https:\/\/www.paparazzinews.com.br\/index.php?rest_route=\/wp\/v2\/posts\/10475\/revisions\/10477"}],"wp:featuredmedia":[{"embeddable":true,"href":"https:\/\/www.paparazzinews.com.br\/index.php?rest_route=\/wp\/v2\/media\/10476"}],"wp:attachment":[{"href":"https:\/\/www.paparazzinews.com.br\/index.php?rest_route=%2Fwp%2Fv2%2Fmedia&parent=10475"}],"wp:term":[{"taxonomy":"category","embeddable":true,"href":"https:\/\/www.paparazzinews.com.br\/index.php?rest_route=%2Fwp%2Fv2%2Fcategories&post=10475"},{"taxonomy":"post_tag","embeddable":true,"href":"https:\/\/www.paparazzinews.com.br\/index.php?rest_route=%2Fwp%2Fv2%2Ftags&post=10475"}],"curies":[{"name":"wp","href":"https:\/\/api.w.org\/{rel}","templated":true}]}}