{"id":10472,"date":"2024-06-25T17:17:57","date_gmt":"2024-06-25T20:17:57","guid":{"rendered":"https:\/\/www.paparazzinews.com.br\/?p=10472"},"modified":"2024-06-25T17:17:58","modified_gmt":"2024-06-25T20:17:58","slug":"quebrei-barreiras-diz-1a-mulher-brasileira-em-missao-de-paz-no-mar-com-mais-de-200-homens","status":"publish","type":"post","link":"https:\/\/www.paparazzinews.com.br\/?p=10472","title":{"rendered":"\u201cQuebrei barreiras\u201d, diz 1\u00aa mulher brasileira em miss\u00e3o de paz no mar com mais de 200 homens"},"content":{"rendered":"\n<p>Primeira mulher a integrar uma miss\u00e3o de paz da Organiza\u00e7\u00e3o das Na\u00e7\u00f5es Unidas (ONU) a bordo de um navio, a capit\u00e3o de mar e guerra Carla Cristina Daniel Bastos Peixoto diz acreditar que abriu caminho para a participa\u00e7\u00e3o de outras militares em opera\u00e7\u00f5es semelhantes.<br><br>\u201cPara mim foi uma grande expectativa porque fui a primeira a conseguir quebrar essa barreira de ter mulher a bordo de um navio em miss\u00e3o de paz. Foi meio um experimento para ver se ia dar certo. Fui sozinha, eram 263 homens e eu\u201d, lembra Carla Daniel, que integrou a For\u00e7a-Tarefa Mar\u00edtima da For\u00e7a Interina das Na\u00e7\u00f5es Unidas no L\u00edbano (Unifil, na sigla em ingl\u00eas), em 2014 e 2015.<\/p>\n\n\n\n<p>O local de trabalho da ent\u00e3o capit\u00e3o de corveta era a Fragata Constitui\u00e7\u00e3o, que fazia patrulhamento do litoral liban\u00eas.<\/p>\n\n\n\n<p>\u201c\u00c9 uma das miss\u00f5es mais antigas, e est\u00e1 ali no Sul do L\u00edbano fazendo a conten\u00e7\u00e3o entre L\u00edbano e Israel, que agora j\u00e1 voltou em convuls\u00e3o, porque \u00e9 mais ou menos a regi\u00e3o onde fica localizado o Hezbollah [movimento pol\u00edtico e paramilitar fundamentalista isl\u00e2mico xiita apoiado pelo Ir\u00e3]. Essa miss\u00e3o est\u00e1 l\u00e1 e o quartel-general est\u00e1 no Sul do L\u00edbano, mas eu ficava a bordo da fragata Constitui\u00e7\u00e3o\u201d, contou em entrevista \u00e0&nbsp;Ag\u00eancia Brasil.<\/p>\n\n\n\n<p>Durante dez anos, Carla Daniel buscou a participa\u00e7\u00e3o em uma miss\u00e3o de paz da ONU. Nesse per\u00edodo, diante de tanta expectativa, ela se preparou para a fun\u00e7\u00e3o. \u201cVoc\u00ea se blinda todinha para chegar ali e cumprir a miss\u00e3o. Fui na qualidade de oficial de comunica\u00e7\u00e3o social e assistente do almirante da for\u00e7a-tarefa mar\u00edtima.\u201d<\/p>\n\n\n\n<p>Durante o per\u00edodo em que participou da miss\u00e3o de paz, houve a morte de um militar da Espanha. \u201cEu tinha sa\u00eddo daquele local quando houve um ataque, mas naquele momento que permaneci foi um [per\u00edodo] mais est\u00e1vel, n\u00e3o se compara com o que est\u00e1 acontecendo agora. O L\u00edbano \u00e9 uma eterna tens\u00e3o, mesmo que n\u00e3o esteja tendo ataque, a qualquer momento tudo pode mudar, mas as pessoas vivem felizes sempre com cautela\u201d, observa.<\/p>\n\n\n\n<p>A preocupa\u00e7\u00e3o com os impactos no com\u00e9rcio exterior levou \u00e0 necessidade de proteger o litoral liban\u00eas. \u201cNoventa e cinco por cento do com\u00e9rcio exterior do L\u00edbano \u00e9 feito pelo mar. Como em anos anteriores houve um embargo de Israel, foi criada essa for\u00e7a-tarefa mar\u00edtima para poder permitir que as transa\u00e7\u00f5es comerciais ocorressem e, ao mesmo tempo, evitar que houvesse contrabando de armas ou qualquer outro il\u00edcito vindo de fora\u201d, explica, acrescentando que ainda no L\u00edbano participou de a\u00e7\u00f5es c\u00edvico-sociais da ONU no Est\u00e1gio de Coordena\u00e7\u00e3o Civil-Militar (Civil-Military Coordination Course, CIMIC, sigla em ingl\u00eas).<\/p>\n\n\n\n<p>Poder integrar uma miss\u00e3o no L\u00edbano teve ainda uma quest\u00e3o afetiva, uma vez que Carla Daniel \u00e9 bisneta de libaneses e, no per\u00edodo em que esteve no pa\u00eds, p\u00f4de estreitar o relacionamento com parentes que moram no pa\u00eds. \u201cIsso me abriu muitas portas\u201d, lembra.<\/p>\n\n\n\n<p>Antes de Carla ser a primeira mantenedora da paz no mar, duas outras militares tinham participado de miss\u00f5es em terra. \u201cEu fui a terceira&nbsp;peacekeeper, mantenedora da paz da Marinha, mas a primeira a ser empregada em opera\u00e7\u00f5es de paz no mar\u201d, destaca. A aprova\u00e7\u00e3o em um concurso com extenso processo de comprova\u00e7\u00f5es e participa\u00e7\u00e3o de representantes de v\u00e1rios pa\u00edses a levou para a segunda fun\u00e7\u00e3o fora do Brasil. Durante tr\u00eas anos, a capit\u00e3o de fragata atuou no Departamento de Opera\u00e7\u00f5es de Paz, na sede da ONU em Nova York, Estados Unidos.<\/p>\n\n\n\n<p>Entre setembro de 2022 e outubro de 2023, desempenhou mais uma miss\u00e3o de paz. Carla participou da Miss\u00e3o Multidimensional Integrada das Na\u00e7\u00f5es Unidas para a Estabiliza\u00e7\u00e3o da Rep\u00fablica Centro-Africana (Minusca). Apesar de ter gostado da experi\u00eancia no L\u00edbano, essa foi chamada por ela de \u201ccereja do meu bolo\u201d. O interesse pelo continente tamb\u00e9m j\u00e1 vinha de muito tempo. \u201cO meu desejo, desde que entrei para a Marinha, era servir na \u00c1frica\u201d, diz.<\/p>\n\n\n\n<p>L\u00e1 foi conselheira de g\u00eanero, que entre as atividades verifica se todos os pa\u00edses que colaboram com tropas est\u00e3o respeitando a quantidade de mulheres nas miss\u00f5es de paz, conforme as orienta\u00e7\u00f5es da Secretaria-Geral da ONU, e se as fun\u00e7\u00f5es para as quais elas foram destinadas est\u00e3o sendo observadas. \u201cO cerne da quest\u00e3o de colocar a mulher no campo de pa\u00edses em conflito \u00e9 que ela possa se aproximar das mulheres e ver o que est\u00e1 acontecendo\u201d, destaca Carla.<\/p>\n\n\n\n<p>A oficial do quadro t\u00e9cnico da Marinha composto por oficiais concursados provenientes de universidades, no caso dela com forma\u00e7\u00e3o em jornalismo, serve atualmente no Departamento de Doutrina, do Comando-Geral do Corpo de Fuzileiros Navais.<\/p>\n\n\n\n<p>\u00c9 com essa experi\u00eancia que Carla Daniel vai ser palestrante no 12\u00b0 Curso de Opera\u00e7\u00f5es de Paz para Mulheres promovido pela Marinha em parceria com a ONU no Rio de Janeiro. A comandante destaca que, para participar de um curso como esse, antes era preciso se inscrever no exterior porque n\u00e3o havia capacita\u00e7\u00e3o no Brasil. Ela, por exemplo, precisou ir para Pret\u00f3ria, na \u00c1frica do Sul, para fazer o curso.<\/p>\n\n\n\n<p><strong>Minustah<\/strong><\/p>\n\n\n\n<p>Outra palestrante do curso que vai passar adiante a sua experi\u00eancia \u00e9 a capit\u00e3o-tenente D\u00e9bora. Quando iniciou a capacita\u00e7\u00e3o, n\u00e3o havia ainda o curso na Marinha e, por isso, ela fez um equivalente no Centro Conjunto de Opera\u00e7\u00f5es de Paz do Brasil (CCOPAB) do Ex\u00e9rcito. Depois de uma sele\u00e7\u00e3o, integrou o 25\u00ba contingente entre os 26 que participaram da Miss\u00e3o das Na\u00e7\u00f5es Unidas para a Estabiliza\u00e7\u00e3o no Haiti (Minustah) 2016\/2017.<\/p>\n\n\n\n<p>D\u00e9bora contou \u00e0&nbsp;Ag\u00eancia Brasil&nbsp;que a busca por experi\u00eancia, ser um capacete azul como s\u00e3o chamados todos que participam de miss\u00f5es de paz da ONU e a representatividade feminina foram os motivos que a levaram para ser volunt\u00e1ria da Minustah, permanecendo na fun\u00e7\u00e3o por seis meses. Naquele per\u00edodo, a presen\u00e7a de mulheres nas miss\u00f5es de paz era menor. \u201cA oportunidade apareceu e eu n\u00e3o poderia deixar para tr\u00e1s essa chance.\u201d<\/p>\n\n\n\n<p>\u201cNos ajudamos a popula\u00e7\u00e3o logo depois da passagem do Furac\u00e3o Matthew. Muito trabalho a ser feito, muita reconstru\u00e7\u00e3o, encontramos muitas crian\u00e7as \u00f3rf\u00e3s. Nosso trabalho era fazer a liga\u00e7\u00e3o com a popula\u00e7\u00e3o\u201d, conta, ao lembrar que foi um per\u00edodo de elei\u00e7\u00f5es e de aumento da viol\u00eancia no pa\u00eds.<\/p>\n\n\n\n<p>\u201cA nossa tropa fez a seguran\u00e7a. N\u00f3s \u00edamos fazer o reconhecimento de alguns locais. Eu ia fazer contatos com l\u00edderes locais. Essa era a minha fun\u00e7\u00e3o\u201d, afirma, destacando que depois a situa\u00e7\u00e3o no pa\u00eds ficou mais pacificada e p\u00f4de ser feito o trabalho de ajuda humanit\u00e1ria sobre os efeitos da passagem do furac\u00e3o.<\/p>\n\n\n\n<p>\u201cFoi um crescimento. Al\u00e9m do contato com a cultura dos haitianos, tivemos tamb\u00e9m a experi\u00eancia de contatos que duram at\u00e9 hoje com mission\u00e1rios que trabalham para melhorar a vida dos haitianos. S\u00f3 de saber que pude colocar um tijolinho nessa constru\u00e7\u00e3o para mim j\u00e1 \u00e9 um orgulho e fica de legado que a gente tem que valorizar as coisas que a gente tem no Brasil, que ainda que seja pouco passam realmente por grandes dificuldades\u201d, observa D\u00e9bora que, ap\u00f3s a Minustah, fez um curso de observador militar na Gr\u00e9cia.<\/p>\n\n\n\n<p><strong>Curso<\/strong><\/p>\n\n\n\n<p>O 12\u00b0 Curso de Opera\u00e7\u00f5es de Paz para Mulheres \u00e9 a terceira edi\u00e7\u00e3o internacional da prepara\u00e7\u00e3o. A capacita\u00e7\u00e3o vai receber 42 militares estrangeiras no Centro de Opera\u00e7\u00f5es de Paz de Car\u00e1ter Naval (COpPazNav), instalado no Centro de Instru\u00e7\u00e3o Almirante Sylvio de Camargo, na Ilha do Governador, zona norte do Rio. O curso realizado pela Marinha do Brasil tem como objetivo capacitar e ampliar a atua\u00e7\u00e3o de mulheres em miss\u00f5es de paz da ONU. Nove edi\u00e7\u00f5es do curso foram dedicadas apenas a mulheres brasileiras.<\/p>\n\n\n\n<p>O comandante do COpPazNav, capit\u00e3o de fragata do Corpo de Fuzileiros Navais, Tarick Turidu da Silva Nunes Taets, disse \u00e0&nbsp;Ag\u00eancia Brasil, que este n\u00famero de representantes de outros pa\u00edses \u00e9 um recorde. Em 2022, foram 13 e, no ano passado, 11.<\/p>\n\n\n\n<p>Para Taets, o n\u00famero recorde de estrangeiras desta edi\u00e7\u00e3o se deve, em parte, pela divulga\u00e7\u00e3o refor\u00e7ada do curso com a entrada da parceria da Ag\u00eancia Brasileira de Coopera\u00e7\u00e3o. \u201cEla ampliou muito a divulga\u00e7\u00e3o e a gente passou de 100 para 300 pedidos [de inscri\u00e7\u00e3o].\u201d<\/p>\n\n\n\n<p>A primeira fase do curso ser\u00e1 realizada na modalidade educa\u00e7\u00e3o a dist\u00e2ncia (EAD), com in\u00edcio nesta segunda-feira (24) e t\u00e9rmino na sexta (28). J\u00e1 a fase presencial ser\u00e1 do dia 1\u00ba a 5 de julho, de 8h \u00e0s 17h. As alunas v\u00e3o participar de palestras e de atividades pr\u00e1ticas.<\/p>\n\n\n\n<p>O p\u00fablico-alvo do curso s\u00e3o brasileiras ou estrangeiras das For\u00e7as Armadas; das pol\u00edcias Federal, Civil e Militar; do Corpo de Bombeiros; integrantes dos \u00f3rg\u00e3os de seguran\u00e7a p\u00fablica e de empresas da base industrial de defesa; professoras, graduandas; mestrandas e doutorandas; e servidoras dos Tr\u00eas Poderes, entre outras fun\u00e7\u00f5es.<\/p>\n\n\n\n<p>At\u00e9 o fechamento dessa mat\u00e9ria, ainda n\u00e3o havia informa\u00e7\u00e3o sobre o n\u00famero de brasileiras que v\u00e3o participar do curso.<\/p>\n\n\n\n<p><strong><em><strong><em><strong><em><strong><em><strong><em><strong><em><strong><em><strong><em><strong>Siga nossas redes sociais no\u00a0<a href=\"https:\/\/www.instagram.com\/ronipaparazzi\/\">Instagram\u00a0<\/a>e\u00a0<a href=\"https:\/\/www.facebook.com\/ronipaparazzicomvoce\">Facebook<\/a>\u00a0participe da nossa comunidade do Canal Roni Paparazzi no Whatsapp e receba as principais not\u00edcias do dia direto no seu celular.<\/strong>\u00a0<a href=\"https:\/\/chat.whatsapp.com\/GsG1XKo0jPOEfjzudWQcml\" target=\"_blank\" rel=\"noreferrer noopener\">\u00a0Clique aqui e se inscreva.<\/a><\/em><\/strong><\/em><\/strong><\/em><\/strong><\/em><\/strong><\/em><\/strong><\/em><\/strong><\/em><\/strong><\/em><\/strong><\/p>\n","protected":false},"excerpt":{"rendered":"<p>Primeira mulher a integrar uma miss\u00e3o de paz da Organiza\u00e7\u00e3o das Na\u00e7\u00f5es Unidas (ONU) a bordo de um navio, a capit\u00e3o de mar e guerra Carla Cristina Daniel Bastos Peixoto diz acreditar que abriu caminho para a participa\u00e7\u00e3o de outras militares em opera\u00e7\u00f5es semelhantes.\u201cPara mim foi uma grande expectativa porque fui a primeira a conseguir &hellip;<\/p>\n","protected":false},"author":1,"featured_media":10473,"comment_status":"open","ping_status":"open","sticky":false,"template":"","format":"standard","meta":{"_jetpack_memberships_contains_paid_content":false,"footnotes":"","jetpack_publicize_message":"","jetpack_publicize_feature_enabled":true,"jetpack_social_post_already_shared":false,"jetpack_social_options":{"image_generator_settings":{"template":"highway","default_image_id":0,"enabled":false},"version":2}},"categories":[3],"tags":[],"class_list":["post-10472","post","type-post","status-publish","format-standard","has-post-thumbnail","hentry","category-policial"],"jetpack_publicize_connections":[],"jetpack_featured_media_url":"https:\/\/i0.wp.com\/www.paparazzinews.com.br\/wp-content\/uploads\/2024\/06\/ldquo-quebrei-barreiras-rdquo-diz-1-ordf-mulher-brasileira-em-missao-de-paz-no-mar-240624_091424.jpg?fit=619%2C400&ssl=1","views":"2275","jetpack_likes_enabled":true,"jetpack_sharing_enabled":true,"_links":{"self":[{"href":"https:\/\/www.paparazzinews.com.br\/index.php?rest_route=\/wp\/v2\/posts\/10472","targetHints":{"allow":["GET"]}}],"collection":[{"href":"https:\/\/www.paparazzinews.com.br\/index.php?rest_route=\/wp\/v2\/posts"}],"about":[{"href":"https:\/\/www.paparazzinews.com.br\/index.php?rest_route=\/wp\/v2\/types\/post"}],"author":[{"embeddable":true,"href":"https:\/\/www.paparazzinews.com.br\/index.php?rest_route=\/wp\/v2\/users\/1"}],"replies":[{"embeddable":true,"href":"https:\/\/www.paparazzinews.com.br\/index.php?rest_route=%2Fwp%2Fv2%2Fcomments&post=10472"}],"version-history":[{"count":1,"href":"https:\/\/www.paparazzinews.com.br\/index.php?rest_route=\/wp\/v2\/posts\/10472\/revisions"}],"predecessor-version":[{"id":10474,"href":"https:\/\/www.paparazzinews.com.br\/index.php?rest_route=\/wp\/v2\/posts\/10472\/revisions\/10474"}],"wp:featuredmedia":[{"embeddable":true,"href":"https:\/\/www.paparazzinews.com.br\/index.php?rest_route=\/wp\/v2\/media\/10473"}],"wp:attachment":[{"href":"https:\/\/www.paparazzinews.com.br\/index.php?rest_route=%2Fwp%2Fv2%2Fmedia&parent=10472"}],"wp:term":[{"taxonomy":"category","embeddable":true,"href":"https:\/\/www.paparazzinews.com.br\/index.php?rest_route=%2Fwp%2Fv2%2Fcategories&post=10472"},{"taxonomy":"post_tag","embeddable":true,"href":"https:\/\/www.paparazzinews.com.br\/index.php?rest_route=%2Fwp%2Fv2%2Ftags&post=10472"}],"curies":[{"name":"wp","href":"https:\/\/api.w.org\/{rel}","templated":true}]}}