{"id":10460,"date":"2024-06-25T17:03:32","date_gmt":"2024-06-25T20:03:32","guid":{"rendered":"https:\/\/www.paparazzinews.com.br\/?p=10460"},"modified":"2024-06-25T17:03:33","modified_gmt":"2024-06-25T20:03:33","slug":"advogado-e-preso-por-falsificar-habeas-corpus-para-libertar-lideranca-de-organizacao-criminosa","status":"publish","type":"post","link":"https:\/\/www.paparazzinews.com.br\/?p=10460","title":{"rendered":"Advogado \u00e9 preso por falsificar habeas corpus para libertar lideran\u00e7a de organiza\u00e7\u00e3o criminosa"},"content":{"rendered":"\n<p>O compartilhamento de informa\u00e7\u00f5es entre a Secretaria da Seguran\u00e7a P\u00fablica (SSP) de S\u00e3o Paulo e a pol\u00edcia goiana levou a pris\u00e3o de um advogado, de 48 anos, nesta segunda-feira (24), em Goi\u00e2nia, Goi\u00e1s. O defensor \u00e9 suspeito de falsificar um habeas corpus e inserir documentos falsos no sistema informatizado do Tribunal de Justi\u00e7a de S\u00e3o Paulo para tentar libertar uma das lideran\u00e7as de uma fac\u00e7\u00e3o criminosa com atua\u00e7\u00e3o transnacional.&nbsp;<\/p>\n\n\n\n<p>A captura foi poss\u00edvel ap\u00f3s o compartilhamento eficaz de informa\u00e7\u00f5es entre o Centro Integrado de Intelig\u00eancia da SSP paulista, a Ag\u00eancia Central de Intelig\u00eancia da Pol\u00edcia Militar de Goi\u00e1s e a For\u00e7a Integrada de Combate ao Crime Organizado (Ficco), da Pol\u00edcia Federal.<\/p>\n\n\n\n<p>O advogado era considerado foragido. No mesmo caso, um empres\u00e1rio, de 47 anos, j\u00e1 havia sido preso anteriormente por envolvimento no crime. Ambos foram denunciados pelo Minist\u00e9rio P\u00fablico de S\u00e3o Paulo por forma\u00e7\u00e3o de quadrilha, falsifica\u00e7\u00e3o e uso de documento falso.<\/p>\n\n\n\n<p>\u201cA opera\u00e7\u00e3o destaca a import\u00e2ncia da integra\u00e7\u00e3o e coopera\u00e7\u00e3o entre as institui\u00e7\u00f5es de seguran\u00e7a p\u00fablica na luta contra o crime organizado\u201d, ressaltou o chefe da pasta, Guilherme Derrite. \u201cO efetivo trabalho conjunto de intelig\u00eancia permitiu a localiza\u00e7\u00e3o e pris\u00e3o do advogado, que tinha em seu desfavor um mandado de pris\u00e3o preventiva, refor\u00e7ando o compromisso das for\u00e7as de seguran\u00e7a em proteger a sociedade e combater o crime organizado\u201d, completou Derrite.&nbsp;<\/p>\n\n\n\n<p>O advogado foi encaminhado para a sede da Pol\u00edcia Federal de Goi\u00e2nia.<\/p>\n\n\n\n<p><strong><em><strong><em><strong><em><strong><em><strong><em><strong><em><strong><em><strong><em><strong>Siga nossas redes sociais no\u00a0<a href=\"https:\/\/www.instagram.com\/ronipaparazzi\/\">Instagram\u00a0<\/a>e\u00a0<a href=\"https:\/\/www.facebook.com\/ronipaparazzicomvoce\">Facebook<\/a>\u00a0participe da nossa comunidade do Canal Roni Paparazzi no Whatsapp e receba as principais not\u00edcias do dia direto no seu celular.<\/strong>\u00a0<a href=\"https:\/\/chat.whatsapp.com\/GsG1XKo0jPOEfjzudWQcml\" target=\"_blank\" rel=\"noreferrer noopener\">\u00a0Clique aqui e se inscreva.<\/a><\/em><\/strong><\/em><\/strong><\/em><\/strong><\/em><\/strong><\/em><\/strong><\/em><\/strong><\/em><\/strong><\/em><\/strong><\/p>\n","protected":false},"excerpt":{"rendered":"<p>O compartilhamento de informa\u00e7\u00f5es entre a Secretaria da Seguran\u00e7a P\u00fablica (SSP) de S\u00e3o Paulo e a pol\u00edcia goiana levou a pris\u00e3o de um advogado, de 48 anos, nesta segunda-feira (24), em Goi\u00e2nia, Goi\u00e1s. O defensor \u00e9 suspeito de falsificar um habeas corpus e inserir documentos falsos no sistema informatizado do Tribunal de Justi\u00e7a de S\u00e3o &hellip;<\/p>\n","protected":false},"author":1,"featured_media":10461,"comment_status":"open","ping_status":"open","sticky":false,"template":"","format":"standard","meta":{"_jetpack_memberships_contains_paid_content":false,"footnotes":"","jetpack_publicize_message":"","jetpack_publicize_feature_enabled":true,"jetpack_social_post_already_shared":false,"jetpack_social_options":{"image_generator_settings":{"template":"highway","default_image_id":0,"enabled":false},"version":2}},"categories":[3],"tags":[],"class_list":["post-10460","post","type-post","status-publish","format-standard","has-post-thumbnail","hentry","category-policial"],"jetpack_publicize_connections":[],"jetpack_featured_media_url":"https:\/\/i0.wp.com\/www.paparazzinews.com.br\/wp-content\/uploads\/2024\/06\/00055258.jpeg?fit=1600%2C1200&ssl=1","views":"2346","jetpack_likes_enabled":true,"jetpack_sharing_enabled":true,"_links":{"self":[{"href":"https:\/\/www.paparazzinews.com.br\/index.php?rest_route=\/wp\/v2\/posts\/10460","targetHints":{"allow":["GET"]}}],"collection":[{"href":"https:\/\/www.paparazzinews.com.br\/index.php?rest_route=\/wp\/v2\/posts"}],"about":[{"href":"https:\/\/www.paparazzinews.com.br\/index.php?rest_route=\/wp\/v2\/types\/post"}],"author":[{"embeddable":true,"href":"https:\/\/www.paparazzinews.com.br\/index.php?rest_route=\/wp\/v2\/users\/1"}],"replies":[{"embeddable":true,"href":"https:\/\/www.paparazzinews.com.br\/index.php?rest_route=%2Fwp%2Fv2%2Fcomments&post=10460"}],"version-history":[{"count":1,"href":"https:\/\/www.paparazzinews.com.br\/index.php?rest_route=\/wp\/v2\/posts\/10460\/revisions"}],"predecessor-version":[{"id":10462,"href":"https:\/\/www.paparazzinews.com.br\/index.php?rest_route=\/wp\/v2\/posts\/10460\/revisions\/10462"}],"wp:featuredmedia":[{"embeddable":true,"href":"https:\/\/www.paparazzinews.com.br\/index.php?rest_route=\/wp\/v2\/media\/10461"}],"wp:attachment":[{"href":"https:\/\/www.paparazzinews.com.br\/index.php?rest_route=%2Fwp%2Fv2%2Fmedia&parent=10460"}],"wp:term":[{"taxonomy":"category","embeddable":true,"href":"https:\/\/www.paparazzinews.com.br\/index.php?rest_route=%2Fwp%2Fv2%2Fcategories&post=10460"},{"taxonomy":"post_tag","embeddable":true,"href":"https:\/\/www.paparazzinews.com.br\/index.php?rest_route=%2Fwp%2Fv2%2Ftags&post=10460"}],"curies":[{"name":"wp","href":"https:\/\/api.w.org\/{rel}","templated":true}]}}