{"id":1046,"date":"2022-11-01T15:28:42","date_gmt":"2022-11-01T18:28:42","guid":{"rendered":"https:\/\/www.paparazzinews.com.br\/?p=1046"},"modified":"2022-11-01T15:28:44","modified_gmt":"2022-11-01T18:28:44","slug":"feira-de-profissoes-e-sucesso-de-publico-na-fea-andradina","status":"publish","type":"post","link":"https:\/\/www.paparazzinews.com.br\/?p=1046","title":{"rendered":"Feira de Profiss\u00f5es \u00e9 sucesso de p\u00fablico na FEA Andradina"},"content":{"rendered":"\n<p>A Funda\u00e7\u00e3o Educacional de Andradina reuniu centenas de visitantes em sua Feira das Profiss\u00f5es, realizada no \u00faltimo dia 27 de outubro, sexta-feira.<\/p>\n\n\n\n<p>O evento foi direcionado a alunos de 3\u00ba ano do ensino m\u00e9dio, que vivem uma fase da vida de decis\u00e3o da escolha da carreira que v\u00e3o seguir profissionalmente. Mais de 500 alunos participaram das atividades do evento, com visita aos stands de cada curso, rodas de conversa com alunos e professores, informa\u00e7\u00f5es sobre bolsas e conv\u00eanios.<\/p>\n\n\n\n<p>\u201cEntendemos que a orienta\u00e7\u00e3o e o acompanhamento s\u00e3o extremamente importantes para os estudantes nesta fase\u201d, disse Carla Baleroni Guerra.<\/p>\n\n\n\n<p>A Feira busca uniu a experi\u00eancia de profissionais, professores e estudantes e \u00e9 um convite para que o futuro universit\u00e1rio decida sua profiss\u00e3o com seguran\u00e7a e conhecimento das oportunidades de um futuro promissor.<\/p>\n","protected":false},"excerpt":{"rendered":"<p>A Funda\u00e7\u00e3o Educacional de Andradina reuniu centenas de visitantes em sua Feira das Profiss\u00f5es, realizada no \u00faltimo dia 27 de outubro, sexta-feira. O evento foi direcionado a alunos de 3\u00ba ano do ensino m\u00e9dio, que vivem uma fase da vida de decis\u00e3o da escolha da carreira que v\u00e3o seguir profissionalmente. Mais de 500 alunos participaram &hellip;<\/p>\n","protected":false},"author":1,"featured_media":1047,"comment_status":"open","ping_status":"open","sticky":false,"template":"","format":"standard","meta":{"_jetpack_memberships_contains_paid_content":false,"footnotes":"","jetpack_publicize_message":"","jetpack_publicize_feature_enabled":true,"jetpack_social_post_already_shared":false,"jetpack_social_options":{"image_generator_settings":{"template":"highway","default_image_id":0,"enabled":false},"version":2}},"categories":[4],"tags":[],"class_list":["post-1046","post","type-post","status-publish","format-standard","has-post-thumbnail","hentry","category-regiao"],"jetpack_publicize_connections":[],"jetpack_featured_media_url":"https:\/\/i0.wp.com\/www.paparazzinews.com.br\/wp-content\/uploads\/2022\/11\/3da2b49a-ebb1-4cbc-83bc-6755140e6def-e1667327312302.jpg?fit=1000%2C666&ssl=1","views":"2704","jetpack_likes_enabled":true,"jetpack_sharing_enabled":true,"_links":{"self":[{"href":"https:\/\/www.paparazzinews.com.br\/index.php?rest_route=\/wp\/v2\/posts\/1046","targetHints":{"allow":["GET"]}}],"collection":[{"href":"https:\/\/www.paparazzinews.com.br\/index.php?rest_route=\/wp\/v2\/posts"}],"about":[{"href":"https:\/\/www.paparazzinews.com.br\/index.php?rest_route=\/wp\/v2\/types\/post"}],"author":[{"embeddable":true,"href":"https:\/\/www.paparazzinews.com.br\/index.php?rest_route=\/wp\/v2\/users\/1"}],"replies":[{"embeddable":true,"href":"https:\/\/www.paparazzinews.com.br\/index.php?rest_route=%2Fwp%2Fv2%2Fcomments&post=1046"}],"version-history":[{"count":1,"href":"https:\/\/www.paparazzinews.com.br\/index.php?rest_route=\/wp\/v2\/posts\/1046\/revisions"}],"predecessor-version":[{"id":1048,"href":"https:\/\/www.paparazzinews.com.br\/index.php?rest_route=\/wp\/v2\/posts\/1046\/revisions\/1048"}],"wp:featuredmedia":[{"embeddable":true,"href":"https:\/\/www.paparazzinews.com.br\/index.php?rest_route=\/wp\/v2\/media\/1047"}],"wp:attachment":[{"href":"https:\/\/www.paparazzinews.com.br\/index.php?rest_route=%2Fwp%2Fv2%2Fmedia&parent=1046"}],"wp:term":[{"taxonomy":"category","embeddable":true,"href":"https:\/\/www.paparazzinews.com.br\/index.php?rest_route=%2Fwp%2Fv2%2Fcategories&post=1046"},{"taxonomy":"post_tag","embeddable":true,"href":"https:\/\/www.paparazzinews.com.br\/index.php?rest_route=%2Fwp%2Fv2%2Ftags&post=1046"}],"curies":[{"name":"wp","href":"https:\/\/api.w.org\/{rel}","templated":true}]}}