{"id":10422,"date":"2024-06-18T17:28:20","date_gmt":"2024-06-18T20:28:20","guid":{"rendered":"https:\/\/www.paparazzinews.com.br\/?p=10422"},"modified":"2024-06-18T17:28:21","modified_gmt":"2024-06-18T20:28:21","slug":"pm-prende-homem-condenado-pelos-crimes-de-importunacao-sexual-e-violencia-domestica-em-andradina","status":"publish","type":"post","link":"https:\/\/www.paparazzinews.com.br\/?p=10422","title":{"rendered":"PM prende homem condenado pelos crimes de importuna\u00e7\u00e3o sexual e viol\u00eancia dom\u00e9stica em Andradina"},"content":{"rendered":"\n<p>Na manh\u00e3 desta ter\u00e7a-feira, 18, policiais militares de Andradina, em patrulhamento, abordaram indiv\u00edduo morador da cidade, 41 anos, auxiliar de servi\u00e7os gerais.<\/p>\n\n\n\n<p>Em pesquisas via COPOM, constataram que havia em seu desfavor um mandado de pris\u00e3o, expedido pela comarca de Andradina, com pena de 3 anos, 7 meses e 17 dias no regime fechado, pelos crimes de importuna\u00e7\u00e3o sexual, viol\u00eancia dom\u00e9stica e maus tratos.<\/p>\n\n\n\n<p>Indiv\u00edduo encaminhado ao DP da \u00e1rea, onde ficou recolhido, \u00e0 disposi\u00e7\u00e3o da justi\u00e7a.<\/p>\n\n\n\n<p><strong><em><strong><em><strong><em><strong><em><strong><em><strong><em><strong><em><strong><em><strong>Siga nossas redes sociais no\u00a0<a href=\"https:\/\/www.instagram.com\/ronipaparazzi\/\">Instagram\u00a0<\/a>e\u00a0<a href=\"https:\/\/www.facebook.com\/ronipaparazzicomvoce\">Facebook<\/a>\u00a0participe da nossa comunidade do Canal Roni Paparazzi no Whatsapp e receba as principais not\u00edcias do dia direto no seu celular.<\/strong>\u00a0<a href=\"https:\/\/chat.whatsapp.com\/GsG1XKo0jPOEfjzudWQcml\" target=\"_blank\" rel=\"noreferrer noopener\">\u00a0Clique aqui e se inscreva.<\/a><\/em><\/strong><\/em><\/strong><\/em><\/strong><\/em><\/strong><\/em><\/strong><\/em><\/strong><\/em><\/strong><\/em><\/strong><\/p>\n","protected":false},"excerpt":{"rendered":"<p>Na manh\u00e3 desta ter\u00e7a-feira, 18, policiais militares de Andradina, em patrulhamento, abordaram indiv\u00edduo morador da cidade, 41 anos, auxiliar de servi\u00e7os gerais. Em pesquisas via COPOM, constataram que havia em seu desfavor um mandado de pris\u00e3o, expedido pela comarca de Andradina, com pena de 3 anos, 7 meses e 17 dias no regime fechado, pelos &hellip;<\/p>\n","protected":false},"author":1,"featured_media":10423,"comment_status":"open","ping_status":"open","sticky":false,"template":"","format":"standard","meta":{"_jetpack_memberships_contains_paid_content":false,"footnotes":"","jetpack_publicize_message":"","jetpack_publicize_feature_enabled":true,"jetpack_social_post_already_shared":false,"jetpack_social_options":{"image_generator_settings":{"template":"highway","default_image_id":0,"enabled":false},"version":2}},"categories":[3],"tags":[],"class_list":["post-10422","post","type-post","status-publish","format-standard","has-post-thumbnail","hentry","category-policial"],"jetpack_publicize_connections":[],"jetpack_featured_media_url":"https:\/\/i0.wp.com\/www.paparazzinews.com.br\/wp-content\/uploads\/2024\/06\/20181124_124309-scaled-e1718742492856.jpg?fit=1000%2C486&ssl=1","views":"3361","jetpack_likes_enabled":true,"jetpack_sharing_enabled":true,"_links":{"self":[{"href":"https:\/\/www.paparazzinews.com.br\/index.php?rest_route=\/wp\/v2\/posts\/10422","targetHints":{"allow":["GET"]}}],"collection":[{"href":"https:\/\/www.paparazzinews.com.br\/index.php?rest_route=\/wp\/v2\/posts"}],"about":[{"href":"https:\/\/www.paparazzinews.com.br\/index.php?rest_route=\/wp\/v2\/types\/post"}],"author":[{"embeddable":true,"href":"https:\/\/www.paparazzinews.com.br\/index.php?rest_route=\/wp\/v2\/users\/1"}],"replies":[{"embeddable":true,"href":"https:\/\/www.paparazzinews.com.br\/index.php?rest_route=%2Fwp%2Fv2%2Fcomments&post=10422"}],"version-history":[{"count":1,"href":"https:\/\/www.paparazzinews.com.br\/index.php?rest_route=\/wp\/v2\/posts\/10422\/revisions"}],"predecessor-version":[{"id":10424,"href":"https:\/\/www.paparazzinews.com.br\/index.php?rest_route=\/wp\/v2\/posts\/10422\/revisions\/10424"}],"wp:featuredmedia":[{"embeddable":true,"href":"https:\/\/www.paparazzinews.com.br\/index.php?rest_route=\/wp\/v2\/media\/10423"}],"wp:attachment":[{"href":"https:\/\/www.paparazzinews.com.br\/index.php?rest_route=%2Fwp%2Fv2%2Fmedia&parent=10422"}],"wp:term":[{"taxonomy":"category","embeddable":true,"href":"https:\/\/www.paparazzinews.com.br\/index.php?rest_route=%2Fwp%2Fv2%2Fcategories&post=10422"},{"taxonomy":"post_tag","embeddable":true,"href":"https:\/\/www.paparazzinews.com.br\/index.php?rest_route=%2Fwp%2Fv2%2Ftags&post=10422"}],"curies":[{"name":"wp","href":"https:\/\/api.w.org\/{rel}","templated":true}]}}