{"id":10386,"date":"2024-06-18T15:49:59","date_gmt":"2024-06-18T18:49:59","guid":{"rendered":"https:\/\/www.paparazzinews.com.br\/?p=10386"},"modified":"2024-06-18T15:50:00","modified_gmt":"2024-06-18T18:50:00","slug":"tratamento-musical-coral-da-pm-leva-musica-a-hospitais","status":"publish","type":"post","link":"https:\/\/www.paparazzinews.com.br\/?p=10386","title":{"rendered":"\u2018Tratamento musical\u2019: Coral da PM leva m\u00fasica a hospitais"},"content":{"rendered":"\n<p>A recep\u00e7\u00e3o do Hospital Geral do Graja\u00fa, na zona sul de S\u00e3o Paulo, virou um palco improvisado na tarde da \u00faltima quinta-feira (13). Pacientes e profissionais da sa\u00fade tiveram a oportunidade de acompanhar uma apresenta\u00e7\u00e3o musical do coral da Pol\u00edcia Militar. A a\u00e7\u00e3o social, j\u00e1 realizada pela corpora\u00e7\u00e3o em todo o estado, agora foi idealizada em forma de projeto sob o t\u00edtulo \u201cTratamento musical &#8211; Gratid\u00e3o em melodia\u201d.<\/p>\n\n\n\n<p>O \u201cshow\u201d \u00e9 um momento de alegria e descontra\u00e7\u00e3o promovido pelos policiais aos pacientes que est\u00e3o passando por tratamento. Al\u00e9m disso, o trabalho \u00e9 uma forma de agradecimento aos profissionais da sa\u00fade que atendem a popula\u00e7\u00e3o.&nbsp;<\/p>\n\n\n\n<p>\u201cA resposta que recebemos do p\u00fablico \u00e9 impactante. A gente percebe que enquanto estamos cantando, o \u00e2nimo dos pacientes j\u00e1 melhora. Tem gente que at\u00e9 dan\u00e7a\u201d, disse o sargento Elder Lorena, segundo maestro do coro masculino da PM. O policial foi o respons\u00e1vel por comandar a apresenta\u00e7\u00e3o dos militares no hospital.<\/p>\n\n\n\n<p>\u201cTemos um repert\u00f3rio bem ecl\u00e9tico e as mensagens de cada m\u00fasica s\u00e3o escolhidas a dedo para se adaptar ao arranjo\u201d, explicou Lorena. \u201cTem can\u00e7\u00f5es que a pessoa se emociona e vem falar que aquela m\u00fasica marcou a vida dela, ent\u00e3o a gente cria essa conex\u00e3o tamb\u00e9m. Saio com uma energia muito forte.\u201d<\/p>\n\n\n\n<p>O sargento faz parte do corpo musical central da PM h\u00e1 quatro anos. J\u00e1 participou de outras bandas regimentais como a do Comando de Policiamento do Interior 1 (S\u00e3o Jos\u00e9 dos Campos), que atende todo o vale do Para\u00edba, e do Comando de Policiamento de \u00c1rea Metropolitano 8 (Osasco), respons\u00e1vel pela regi\u00e3o oeste da capital.&nbsp;<\/p>\n\n\n\n<figure class=\"wp-block-image\"><img data-recalc-dims=\"1\" decoding=\"async\" src=\"https:\/\/i0.wp.com\/www.ssp.sp.gov.br\/midia\/Imagem\/D00055124.jpg?w=708\" alt=\"\"\/><\/figure>\n\n\n\n<p>O coro musical \u00e9 um pequeno grupo que faz parte da orquestra sinf\u00f4nica da PM e \u00e9 composto por 14 militares. As apresenta\u00e7\u00f5es, que contam com o acompanhamento de um piano, s\u00e3o realizadas tamb\u00e9m em asilos, cerimoniais e eventos civis. Dentro da orquestra tamb\u00e9m s\u00e3o extra\u00eddas sess\u00f5es de banda, que viram grupos de jazz, camerata (violino, violoncelo e viola cl\u00e1ssica) e trios de choro e cordas.<\/p>\n\n\n\n<p>Durante a apresenta\u00e7\u00e3o realizada no hospital do Graja\u00fa, a enfermeira Roseli Gonzaga era uma das mais animadas. H\u00e1 23 anos no hospital, ela contou que \u201cdiariamente recebe no hospital pessoas que s\u00e3o socorridas pela PM\u201d, mas que a ida do coral at\u00e9 o centro m\u00e9dico mostra o policial por tr\u00e1s de uma farda. \u201cS\u00e3o todos seres humanos. Pais, filhos, irm\u00e3os. E o que eles fizeram aqui foi trazer uma mensagem de amor, de carinho, de esperan\u00e7a em um ambiente hospitalar que \u00e9 t\u00e3o carregado\u201d, disse.<\/p>\n\n\n\n<p>Foi a primeira vez que o coro da PM se apresentou no local. A Gabriela Costa, analista de ouvidoria do setor de humaniza\u00e7\u00e3o do hospital, aprovou o show. \u201cOs elogios da ouvidoria devem aumentar. J\u00e1 vou chama-los m\u00eas que vem de novo\u201d, brincou.&nbsp;<\/p>\n\n\n\n<p>&#8220;A m\u00fasica tem um poder terap\u00eautico que acalma, ajuda e alivia o estresse&#8221;, afirmou o sargento Itamar Bonif\u00e1cio, que participou do coral. O ensaio e a prepara\u00e7\u00e3o do grupo antes de qualquer evento duram cerca de uma hora e meia.<\/p>\n\n\n\n<p>O coral \u00e9 ofertado pela pr\u00f3pria Pol\u00edcia Militar, mas os hospitais tamb\u00e9m podem solicitar a apresenta\u00e7\u00e3o atrav\u00e9s do e-mail cmusbmus@policiamilitar.sp.gov.br. Desde o in\u00edcio de 2023 at\u00e9 junho deste ano, foram realizadas mais de 100 apresenta\u00e7\u00f5es do coro da PM em todo o estado de S\u00e3o Paulo.<\/p>\n\n\n\n<p><strong><em><strong><em><strong><em><strong><em><strong><em><strong><em><strong><em><strong><em><strong>Siga nossas redes sociais no\u00a0<a href=\"https:\/\/www.instagram.com\/ronipaparazzi\/\">Instagram\u00a0<\/a>e\u00a0<a href=\"https:\/\/www.facebook.com\/ronipaparazzicomvoce\">Facebook<\/a>\u00a0participe da nossa comunidade do Canal Roni Paparazzi no Whatsapp e receba as principais not\u00edcias do dia direto no seu celular.<\/strong>\u00a0<a href=\"https:\/\/chat.whatsapp.com\/GsG1XKo0jPOEfjzudWQcml\" target=\"_blank\" rel=\"noreferrer noopener\">\u00a0Clique aqui e se inscreva.<\/a><\/em><\/strong><\/em><\/strong><\/em><\/strong><\/em><\/strong><\/em><\/strong><\/em><\/strong><\/em><\/strong><\/em><\/strong><\/p>\n","protected":false},"excerpt":{"rendered":"<p>A recep\u00e7\u00e3o do Hospital Geral do Graja\u00fa, na zona sul de S\u00e3o Paulo, virou um palco improvisado na tarde da \u00faltima quinta-feira (13). Pacientes e profissionais da sa\u00fade tiveram a oportunidade de acompanhar uma apresenta\u00e7\u00e3o musical do coral da Pol\u00edcia Militar. A a\u00e7\u00e3o social, j\u00e1 realizada pela corpora\u00e7\u00e3o em todo o estado, agora foi idealizada &hellip;<\/p>\n","protected":false},"author":1,"featured_media":10387,"comment_status":"open","ping_status":"open","sticky":false,"template":"","format":"standard","meta":{"_jetpack_memberships_contains_paid_content":false,"footnotes":"","jetpack_publicize_message":"","jetpack_publicize_feature_enabled":true,"jetpack_social_post_already_shared":false,"jetpack_social_options":{"image_generator_settings":{"template":"highway","default_image_id":0,"enabled":false},"version":2}},"categories":[6],"tags":[],"class_list":["post-10386","post","type-post","status-publish","format-standard","has-post-thumbnail","hentry","category-entretenimento"],"jetpack_publicize_connections":[],"jetpack_featured_media_url":"https:\/\/i0.wp.com\/www.paparazzinews.com.br\/wp-content\/uploads\/2024\/06\/00055121.jpg?fit=1400%2C933&ssl=1","views":"2394","jetpack_likes_enabled":true,"jetpack_sharing_enabled":true,"_links":{"self":[{"href":"https:\/\/www.paparazzinews.com.br\/index.php?rest_route=\/wp\/v2\/posts\/10386","targetHints":{"allow":["GET"]}}],"collection":[{"href":"https:\/\/www.paparazzinews.com.br\/index.php?rest_route=\/wp\/v2\/posts"}],"about":[{"href":"https:\/\/www.paparazzinews.com.br\/index.php?rest_route=\/wp\/v2\/types\/post"}],"author":[{"embeddable":true,"href":"https:\/\/www.paparazzinews.com.br\/index.php?rest_route=\/wp\/v2\/users\/1"}],"replies":[{"embeddable":true,"href":"https:\/\/www.paparazzinews.com.br\/index.php?rest_route=%2Fwp%2Fv2%2Fcomments&post=10386"}],"version-history":[{"count":1,"href":"https:\/\/www.paparazzinews.com.br\/index.php?rest_route=\/wp\/v2\/posts\/10386\/revisions"}],"predecessor-version":[{"id":10388,"href":"https:\/\/www.paparazzinews.com.br\/index.php?rest_route=\/wp\/v2\/posts\/10386\/revisions\/10388"}],"wp:featuredmedia":[{"embeddable":true,"href":"https:\/\/www.paparazzinews.com.br\/index.php?rest_route=\/wp\/v2\/media\/10387"}],"wp:attachment":[{"href":"https:\/\/www.paparazzinews.com.br\/index.php?rest_route=%2Fwp%2Fv2%2Fmedia&parent=10386"}],"wp:term":[{"taxonomy":"category","embeddable":true,"href":"https:\/\/www.paparazzinews.com.br\/index.php?rest_route=%2Fwp%2Fv2%2Fcategories&post=10386"},{"taxonomy":"post_tag","embeddable":true,"href":"https:\/\/www.paparazzinews.com.br\/index.php?rest_route=%2Fwp%2Fv2%2Ftags&post=10386"}],"curies":[{"name":"wp","href":"https:\/\/api.w.org\/{rel}","templated":true}]}}