{"id":10372,"date":"2024-06-15T15:47:51","date_gmt":"2024-06-15T18:47:51","guid":{"rendered":"https:\/\/www.paparazzinews.com.br\/?p=10372"},"modified":"2024-06-15T15:47:52","modified_gmt":"2024-06-15T18:47:52","slug":"justica-cobra-2-salarios-do-prefeito-de-nova-independencia-que-bateu-na-cara-de-adolescente-durante-show-da-ana-castela","status":"publish","type":"post","link":"https:\/\/www.paparazzinews.com.br\/?p=10372","title":{"rendered":"Justi\u00e7a cobra 2 sal\u00e1rios do prefeito de Nova Independ\u00eancia que bateu na cara de adolescente durante show da Ana Castela"},"content":{"rendered":"\n<p>O prefeito agressor pagar\u00e1 garoto que &#8211; segundo uma das v\u00edtimas, possui \u2018atraso em sua idade mental\u2019, em duas parcelas. A C\u00e2mara ainda n\u00e3o se manifestou se Fernandinho pode ou n\u00e3o perder o mandato<\/p>\n\n\n\n<p>O prefeito de Nova Independ\u00eancia &#8211; Fernando Macchi Santana, foi condenado a indenizar financeiramente um garoto de apenas 16 anos de idade, que ele estapeou na cara em pleno Recinto de Festas da cidade, na mesma noite em que a sertaneja Ana Castela agitava milhares de f\u00e3s durante os festejos de anivers\u00e1rio da cidade. A informa\u00e7\u00e3o \u00e9 do Grupo Portal Andradina.<\/p>\n\n\n\n<p>Fernandinho at\u00e9 tentou ocultar os fatos e se esconder dos holofotes da imprensa, preferindo n\u00e3o comparecer presencialmente \u00e0 audi\u00eancia criminal realizada na tarde de segunda-feira passada (03\/06), no F\u00f3rum de Andradina. Por\u00e9m, a estrat\u00e9gia n\u00e3o funcionou e os fatos vieram \u00e0 tona.<\/p>\n\n\n\n<p>De acordo com os fatos denunciados \u00e0 Justi\u00e7a por uma prima do adolescente, Fernandinho furou a fila onde v\u00e1rios f\u00e3s \u2013 incluindo uma das princesas da Festa, aguardavam para serem fotografados ao lado da cantora. Indiferente \u00e0 organiza\u00e7\u00e3o, Fernandinho usou seu privil\u00e9gio como prefeito para passar um rapaz na frente de todos os demais, causando indigna\u00e7\u00e3o e protestos entre aqueles que aguardava ansiosamente na fila, incluindo a prima deste jovem.<\/p>\n\n\n\n<p>Insatisfeito com a revolta dos f\u00e3s cujos direitos ele ignorou, Fernandinho passou a discutir com a prima do adolescente. Na tentativa de defender a mo\u00e7a, o rapaz acabou recebendo do prefeito -literalmente- um \u2018tapa na cara\u2019. Como se isso n\u00e3o fosse humilha\u00e7\u00e3o suficiente, eles foram retirados do Recinto pela equipe de seguran\u00e7as da Festa.<\/p>\n\n\n\n<p>Inconformada com a trucul\u00eancia do prefeito Fernandinho e com as agress\u00f5es tanto f\u00edsica quanto verbais, a mo\u00e7a foi \u00e0 delegacia de pol\u00edcia no dia seguinte (17 de mar\u00e7o de 2023), onde registrou um Boletim de Ocorr\u00eancias detalhando todo o ocorrido.<\/p>\n\n\n\n<p>Durante a audi\u00eancia, as partes entraram em acordo, e Fernandinho concordou com o pagamento de dois sal\u00e1rios m\u00ednimos ao jovem. Em valores atuais, o tapa da cara do adolescente de apenas 16 anos que tentava defender sua prima das agress\u00f5es verbais feitas pelo prefeito fura-fila, custar\u00e1 apenas R$ 2.824,00. Quantia essa que corresponde a quase metade do valor pago por Fernandinho para desfrutar de uma confort\u00e1vel cadeira em seu gabinete na Prefeitura.<\/p>\n\n\n\n<p>Mas os detalhes desta condena\u00e7\u00e3o n\u00e3o param de surpreender. Fernandinho pagar\u00e1 esse valor em duas parcelas, cada qual no valor de R$ 1.412,00, com o primeiro vencimento no pr\u00f3ximo dia 03 de julho de 2024 e, o segundo, somente em 03 de agosto de 2024.<\/p>\n\n\n\n<p>Quer outros dois detalhe realmente revoltantes al\u00e9m de todos os j\u00e1 mencionados? Pois bem, de acordo com o relato da prima que registrou a queixa na Delegacia de Pol\u00edcia, o adolescente de 16 anos possui \u201catraso em sua idade mental\u201d.<\/p>\n\n\n\n<p>O segundo fato diz respeito \u00e0 C\u00e2mara de Vereadores, que at\u00e9 o momento permanece calada sobre a agress\u00e3o e respectiva condena\u00e7\u00e3o. Afinal de contas, ao agredir verbalmente os cidad\u00e3os e esbofetear o rosto de um garoto, o prefeito Fernandinho cometeu ou n\u00e3o o crime de \u201cQuebra de Decoro\u201d? Se a resposta for sim, a C\u00e2mara vai ou n\u00e3o ca\u00e7ar o seu mandato como prefeito?<\/p>\n\n\n\n<p><strong><em><strong><em><strong><em><strong><em><strong><em><strong><em><strong><em><strong><em><strong>Siga nossas redes sociais no\u00a0<a href=\"https:\/\/www.instagram.com\/ronipaparazzi\/\">Instagram\u00a0<\/a>e\u00a0<a href=\"https:\/\/www.facebook.com\/ronipaparazzicomvoce\">Facebook<\/a>\u00a0participe da nossa comunidade do Canal Roni Paparazzi no Whatsapp e receba as principais not\u00edcias do dia direto no seu celular.<\/strong>\u00a0<a href=\"https:\/\/chat.whatsapp.com\/GsG1XKo0jPOEfjzudWQcml\" target=\"_blank\" rel=\"noreferrer noopener\">\u00a0Clique aqui e se inscreva.<\/a><\/em><\/strong><\/em><\/strong><\/em><\/strong><\/em><\/strong><\/em><\/strong><\/em><\/strong><\/em><\/strong><\/em><\/strong><\/p>\n","protected":false},"excerpt":{"rendered":"<p>O prefeito agressor pagar\u00e1 garoto que &#8211; segundo uma das v\u00edtimas, possui \u2018atraso em sua idade mental\u2019, em duas parcelas. A C\u00e2mara ainda n\u00e3o se manifestou se Fernandinho pode ou n\u00e3o perder o mandato O prefeito de Nova Independ\u00eancia &#8211; Fernando Macchi Santana, foi condenado a indenizar financeiramente um garoto de apenas 16 anos de &hellip;<\/p>\n","protected":false},"author":1,"featured_media":10373,"comment_status":"open","ping_status":"open","sticky":false,"template":"","format":"standard","meta":{"_jetpack_memberships_contains_paid_content":false,"footnotes":"","jetpack_publicize_message":"","jetpack_publicize_feature_enabled":true,"jetpack_social_post_already_shared":false,"jetpack_social_options":{"image_generator_settings":{"template":"highway","default_image_id":0,"enabled":false},"version":2}},"categories":[3],"tags":[],"class_list":["post-10372","post","type-post","status-publish","format-standard","has-post-thumbnail","hentry","category-policial"],"jetpack_publicize_connections":[],"jetpack_featured_media_url":"https:\/\/i0.wp.com\/www.paparazzinews.com.br\/wp-content\/uploads\/2024\/06\/31736263-832f-44d9-adae-08086f59d9a7.jpeg?fit=1200%2C1600&ssl=1","views":"3430","jetpack_likes_enabled":true,"jetpack_sharing_enabled":true,"_links":{"self":[{"href":"https:\/\/www.paparazzinews.com.br\/index.php?rest_route=\/wp\/v2\/posts\/10372","targetHints":{"allow":["GET"]}}],"collection":[{"href":"https:\/\/www.paparazzinews.com.br\/index.php?rest_route=\/wp\/v2\/posts"}],"about":[{"href":"https:\/\/www.paparazzinews.com.br\/index.php?rest_route=\/wp\/v2\/types\/post"}],"author":[{"embeddable":true,"href":"https:\/\/www.paparazzinews.com.br\/index.php?rest_route=\/wp\/v2\/users\/1"}],"replies":[{"embeddable":true,"href":"https:\/\/www.paparazzinews.com.br\/index.php?rest_route=%2Fwp%2Fv2%2Fcomments&post=10372"}],"version-history":[{"count":1,"href":"https:\/\/www.paparazzinews.com.br\/index.php?rest_route=\/wp\/v2\/posts\/10372\/revisions"}],"predecessor-version":[{"id":10374,"href":"https:\/\/www.paparazzinews.com.br\/index.php?rest_route=\/wp\/v2\/posts\/10372\/revisions\/10374"}],"wp:featuredmedia":[{"embeddable":true,"href":"https:\/\/www.paparazzinews.com.br\/index.php?rest_route=\/wp\/v2\/media\/10373"}],"wp:attachment":[{"href":"https:\/\/www.paparazzinews.com.br\/index.php?rest_route=%2Fwp%2Fv2%2Fmedia&parent=10372"}],"wp:term":[{"taxonomy":"category","embeddable":true,"href":"https:\/\/www.paparazzinews.com.br\/index.php?rest_route=%2Fwp%2Fv2%2Fcategories&post=10372"},{"taxonomy":"post_tag","embeddable":true,"href":"https:\/\/www.paparazzinews.com.br\/index.php?rest_route=%2Fwp%2Fv2%2Ftags&post=10372"}],"curies":[{"name":"wp","href":"https:\/\/api.w.org\/{rel}","templated":true}]}}