{"id":10363,"date":"2024-06-14T15:50:58","date_gmt":"2024-06-14T18:50:58","guid":{"rendered":"https:\/\/www.paparazzinews.com.br\/?p=10363"},"modified":"2024-06-14T15:50:59","modified_gmt":"2024-06-14T18:50:59","slug":"mulher-passa-em-1-lugar-da-turma-entre-mais-de-mil-soldados-nunca-duvide-da-sua-capacidade","status":"publish","type":"post","link":"https:\/\/www.paparazzinews.com.br\/?p=10363","title":{"rendered":"Mulher passa em 1\u00b0 lugar da turma entre mais de mil soldados: &#8216;Nunca duvide da sua capacidade&#8217;"},"content":{"rendered":"\n<p>Em uma profiss\u00e3o de risco como a de policial militar, que exige coragem e for\u00e7a, ser policial e mulher \u00e9 motivo de muita honra. A mais nova soldado PM Let\u00edcia de Brito, que se formou nesta sexta-feira (14), teve a maior nota entre os mais de 1,1 mil soldados que tamb\u00e9m se formaram.&nbsp;<\/p>\n\n\n\n<p>Ela afirma que nunca duvidou de sua capacidade nem da de suas colegas. \u201cN\u00f3s mulheres somos t\u00e3o capazes quanto os homens. Temos dedica\u00e7\u00e3o e muita capacidade de vencer. O segredo \u00e9 n\u00e3o duvidar. Se \u00e9 um sonho, temos que ir atr\u00e1s\u201d, enfatizou a soldado de Brito.<\/p>\n\n\n\n<p>A formatura aconteceu na Escola Superior de Soldados, em Pirituba, na zona norte de S\u00e3o Paulo e contou com autoridades como o governador do estado, Tarc\u00edsio de Freitas, e o secret\u00e1rio da Seguran\u00e7a P\u00fablica, Guilherme Derrite.&nbsp;<\/p>\n\n\n\n<p>A m\u00e3e da nova policial se emocionou ao ouvir o nome da filha como a primeira colocada da turma. \u201c\u00c9 uma grande conquista. Espero que ela sirva de exemplo para outras mulheres que t\u00eam o sonho de entrar na pol\u00edcia\u201d, disse.&nbsp;<\/p>\n\n\n\n<figure class=\"wp-block-image\"><img decoding=\"async\" src=\"http:\/\/www.ssp.sp.gov.br\/midia\/Imagem\/D00055106.jfif\" alt=\"\"\/><\/figure>\n\n\n\n<p>O que motivou Let\u00edcia, de 26 anos, a estudar e se dedicar tanto para se destacar entre a turma foi a fam\u00edlia. Ela explica que, quem passa como primeiro da turma tem a oportunidade de escolher o batalh\u00e3o e a regi\u00e3o onde ir\u00e1 trabalhar, caso tenha vagas. Por isso, escolheu ficar perto da fam\u00edlia, em Limeira, no interior do estado.<\/p>\n\n\n\n<p>Durante a formatura, o secret\u00e1rio da Seguran\u00e7a P\u00fablica destacou o trabalho da Pol\u00edcia Militar no Combate ao crime organizado. Agora, com um novo efetivo formado, o objetivo \u00e9 ter ainda mais for\u00e7a para combater a criminalidade.<\/p>\n\n\n\n<p>\u201cA Pol\u00edcia Militar, a Pol\u00edcia Civil e o Corpo de Bombeiros do Estado de S\u00e3o Paulo, n\u00e3o s\u00e3o s\u00f3 exemplos para todo o pa\u00eds, mas tamb\u00e9m s\u00e3o a \u00faltima barreira que existe entre o crime organizado e a sociedade\u201d, destacou.<\/p>\n\n\n\n<p>O governador motivou os novos soldados 2\u00aa classe ao pedir que &#8220;eles n\u00e3o parem por a\u00ed&#8221; e que &#8220;continuem estudando&#8221;. &#8220;A formatura representa uma imers\u00e3o em um t\u00fanel do tempo. \u00c9 hora pensar no passado, presente e, principalmente, no futuro&#8221;, afirmou. &#8220;Chegar at\u00e9 aqui n\u00e3o foi f\u00e1cil, \u00e9 concorrido e o treinamento \u00e9 duro, mas sei que est\u00e3o prontos para transpor v\u00e1rios obst\u00e1culos&#8221;, concluiu.<\/p>\n\n\n\n<p>Esta \u00e9 a terceira turma de soldados 2\u00aa classe que se formam na atual gest\u00e3o, totalizando mais de 2,1 mil novos policiais com essa patente.<\/p>\n\n\n\n<figure class=\"wp-block-image\"><img data-recalc-dims=\"1\" decoding=\"async\" src=\"https:\/\/i0.wp.com\/www.ssp.sp.gov.br\/midia\/Imagem\/D00055109.jpg?w=708\" alt=\"\"\/><\/figure>\n\n\n\n<p><strong>Homenagem da turma ao PM morto em combate<\/strong><\/p>\n\n\n\n<p>A turma de mais de mil soldados na qual Let\u00edcia fez parte levou o nome do cabo PM Jos\u00e9 Silveira dos Santos, morto em fevereiro deste ano durante a averigua\u00e7\u00e3o de uma den\u00fancia de tr\u00e1fico de drogas, no bairro Jardim S\u00e3o Manoel, em Santos, no litoral de S\u00e3o Paulo.&nbsp;<\/p>\n\n\n\n<p>Diversos colegas de farda da v\u00edtima participaram da formatura e se emocionaram ao lembrar dos momentos vividos com o policial. Eles contam que, apesar do estresse e dos perigos enfrentados no dia a dia no trabalho, principalmente na regi\u00e3o da Baixada Santista, o cabo Silveira se mantinha positivo e estava sempre sorrindo.<\/p>\n\n\n\n<figure class=\"wp-block-image\"><img data-recalc-dims=\"1\" decoding=\"async\" src=\"https:\/\/i0.wp.com\/www.ssp.sp.gov.br\/midia\/Imagem\/D00055108.jpg?w=708\" alt=\"\"\/><\/figure>\n\n\n\n<p><em>O cabo Marcelo Silva, colega de farda do cabo Silveira, ficou emocionado durante a homenagem realizada hoje<\/em><\/p>\n\n\n\n<p>O secret\u00e1rio da Seguran\u00e7a P\u00fablica, que esteve presente no vel\u00f3rio do policial, afirma que foi um dos momentos mais tristes de sua carreira. \u201cEle entregou sua vida prezando pela seguran\u00e7a e deixou a esposa e uma filha de 14 anos. N\u00e3o queremos que nenhum de voc\u00eas passem por isso e entendemos a ang\u00fastia e preocupa\u00e7\u00e3o dos familiares que nos entregam o que h\u00e1 de bem maior na vida de voc\u00eas para proteger a popula\u00e7\u00e3o\u201d, afirmou Derrite durante o discurso.<\/p>\n\n\n\n<p><strong>Concursos em andamento<\/strong><\/p>\n\n\n\n<p>Atualmente, h\u00e1 tr\u00eas concursos em andamento para o preenchimento de 8,1 mil vagas para soldados PM de 2\u00aa classe em S\u00e3o Paulo. Neste m\u00eas, a PM tamb\u00e9m abriu processo para selecionar 200 novos alunos-oficiais.<\/p>\n\n\n\n<p>As escolas de forma\u00e7\u00e3o da PM contam hoje com 2,9 mil futuros soldados e 649 alunos-oficiais. Em dezembro de 2023, o Governo do Estado autorizou a abertura de mais 2,7 mil vagas para soldados PM de 2\u00aa classe, com lan\u00e7amento do edital do concurso previsto para os pr\u00f3ximos meses.<\/p>\n\n\n\n<p>No final do ano passado, 909 novos policiais militares se formaram na turma \u201cSoldado PM Patrick Bastos Reis\u201d. O efetivo foi distribu\u00eddo em batalh\u00f5es da capital, Grande S\u00e3o Paulo, Baixada Santista e Corpo de Bombeiros.<\/p>\n\n\n\n<p><strong><em><strong><em><strong><em><strong><em><strong><em><strong><em><strong><em><strong><em><strong>Siga nossas redes sociais no\u00a0<a href=\"https:\/\/www.instagram.com\/ronipaparazzi\/\">Instagram\u00a0<\/a>e\u00a0<a href=\"https:\/\/www.facebook.com\/ronipaparazzicomvoce\">Facebook<\/a>\u00a0participe da nossa comunidade do Canal Roni Paparazzi no Whatsapp e receba as principais not\u00edcias do dia direto no seu celular.<\/strong>\u00a0<a href=\"https:\/\/chat.whatsapp.com\/GsG1XKo0jPOEfjzudWQcml\" target=\"_blank\" rel=\"noreferrer noopener\">\u00a0Clique aqui e se inscreva.<\/a><\/em><\/strong><\/em><\/strong><\/em><\/strong><\/em><\/strong><\/em><\/strong><\/em><\/strong><\/em><\/strong><\/em><\/strong><\/p>\n","protected":false},"excerpt":{"rendered":"<p>Em uma profiss\u00e3o de risco como a de policial militar, que exige coragem e for\u00e7a, ser policial e mulher \u00e9 motivo de muita honra. A mais nova soldado PM Let\u00edcia de Brito, que se formou nesta sexta-feira (14), teve a maior nota entre os mais de 1,1 mil soldados que tamb\u00e9m se formaram.&nbsp; Ela afirma &hellip;<\/p>\n","protected":false},"author":1,"featured_media":10364,"comment_status":"open","ping_status":"open","sticky":false,"template":"","format":"standard","meta":{"_jetpack_memberships_contains_paid_content":false,"footnotes":"","jetpack_publicize_message":"","jetpack_publicize_feature_enabled":true,"jetpack_social_post_already_shared":false,"jetpack_social_options":{"image_generator_settings":{"template":"highway","default_image_id":0,"enabled":false},"version":2}},"categories":[3],"tags":[],"class_list":["post-10363","post","type-post","status-publish","format-standard","has-post-thumbnail","hentry","category-policial"],"jetpack_publicize_connections":[],"jetpack_featured_media_url":"https:\/\/i0.wp.com\/www.paparazzinews.com.br\/wp-content\/uploads\/2024\/06\/00055100-scaled-e1718391047771.jpg?fit=1000%2C666&ssl=1","views":"3034","jetpack_likes_enabled":true,"jetpack_sharing_enabled":true,"_links":{"self":[{"href":"https:\/\/www.paparazzinews.com.br\/index.php?rest_route=\/wp\/v2\/posts\/10363","targetHints":{"allow":["GET"]}}],"collection":[{"href":"https:\/\/www.paparazzinews.com.br\/index.php?rest_route=\/wp\/v2\/posts"}],"about":[{"href":"https:\/\/www.paparazzinews.com.br\/index.php?rest_route=\/wp\/v2\/types\/post"}],"author":[{"embeddable":true,"href":"https:\/\/www.paparazzinews.com.br\/index.php?rest_route=\/wp\/v2\/users\/1"}],"replies":[{"embeddable":true,"href":"https:\/\/www.paparazzinews.com.br\/index.php?rest_route=%2Fwp%2Fv2%2Fcomments&post=10363"}],"version-history":[{"count":1,"href":"https:\/\/www.paparazzinews.com.br\/index.php?rest_route=\/wp\/v2\/posts\/10363\/revisions"}],"predecessor-version":[{"id":10365,"href":"https:\/\/www.paparazzinews.com.br\/index.php?rest_route=\/wp\/v2\/posts\/10363\/revisions\/10365"}],"wp:featuredmedia":[{"embeddable":true,"href":"https:\/\/www.paparazzinews.com.br\/index.php?rest_route=\/wp\/v2\/media\/10364"}],"wp:attachment":[{"href":"https:\/\/www.paparazzinews.com.br\/index.php?rest_route=%2Fwp%2Fv2%2Fmedia&parent=10363"}],"wp:term":[{"taxonomy":"category","embeddable":true,"href":"https:\/\/www.paparazzinews.com.br\/index.php?rest_route=%2Fwp%2Fv2%2Fcategories&post=10363"},{"taxonomy":"post_tag","embeddable":true,"href":"https:\/\/www.paparazzinews.com.br\/index.php?rest_route=%2Fwp%2Fv2%2Ftags&post=10363"}],"curies":[{"name":"wp","href":"https:\/\/api.w.org\/{rel}","templated":true}]}}