{"id":10300,"date":"2024-06-11T14:54:15","date_gmt":"2024-06-11T17:54:15","guid":{"rendered":"https:\/\/www.paparazzinews.com.br\/?p=10300"},"modified":"2024-06-11T14:54:16","modified_gmt":"2024-06-11T17:54:16","slug":"ex-exercito-e-o-1o-colocado-da-turma-dos-bombeiros-de-sp-me-encontrei","status":"publish","type":"post","link":"https:\/\/www.paparazzinews.com.br\/?p=10300","title":{"rendered":"Ex-ex\u00e9rcito \u00e9 o 1\u00ba colocado da turma dos Bombeiros de SP: \u2018Me encontrei\u2019"},"content":{"rendered":"\n<p>Enquanto ainda estava no Ex\u00e9rcito, Gustavo Prais, de 21 anos, decidiu prestar concurso para ingressar nos Bombeiros de S\u00e3o Paulo. O sonho era antigo. Ele s\u00f3 contou \u00e0 fam\u00edlia quando passou na prova. Nesta sexta-feira (7), ele se formou na Escola Superior de Bombeiros: foi o primeiro colocado da turma, com a m\u00e9dia de 9,6. O agora soldado 2\u00aa classe Prais afirmou que, apesar de complexa, a trajet\u00f3ria entre o concurso e a forma\u00e7\u00e3o o fez ter certeza da carreira que quer seguir. \u201cMe encontrei aqui\u201d.<\/p>\n\n\n\n<p>\u201cEu n\u00e3o sabia se ia passar no concurso, ent\u00e3o preferi n\u00e3o contar para a minha fam\u00edlia. Quando eu disse, foi a maior festa. Eles sabiam que eu teria que ficar longe, mas me apoiaram\u201d, conta. A formatura dos 168 bombeiros foi realizada hoje em Franco da Rocha, na Regi\u00e3o Metropolitana de S\u00e3o Paulo. Para a maioria, se tornar bombeiro \u00e9 um sonho de inf\u00e2ncia realizado.<\/p>\n\n\n\n<p>A m\u00e3e do soldado Prais, Ana Silvia Schychof, n\u00e3o conteve as l\u00e1grimas quando o nome do filho foi anunciado como o primeiro colocado da turma. \u201c\u00c9 muito emocionante. Meu pai era militar da aeron\u00e1utica. Na fam\u00edlia, o Gustavo foi o \u00fanico que serviu no Ex\u00e9rcito e, agora, vai salvar muitas vidas sendo bombeiro. Tenho muito orgulho dele\u201d, enfatizou a m\u00e3e.<\/p>\n\n\n\n<figure class=\"wp-block-image\"><img data-recalc-dims=\"1\" decoding=\"async\" src=\"https:\/\/i0.wp.com\/www.ssp.sp.gov.br\/midia\/Imagem\/D00054984.jpg?w=708\" alt=\"\"\/><\/figure>\n\n\n\n<p>O secret\u00e1rio da Seguran\u00e7a P\u00fablica de S\u00e3o Paulo, Guilherme Derrite, esteve na formatura dos bombeiros. Ele parabenizou os formandos e, durante o discurso, agradeceu aos familiares. \u201cSei que estar em uma profiss\u00e3o t\u00e3o arriscada dessas gera uma certa ang\u00fastia. Os meus pais passaram por isso tamb\u00e9m h\u00e1 pouco mais de 20 anos. Sabemos que os bombeiros n\u00e3o cumprem miss\u00f5es pequenas, mas a honra que vem a partir disso \u00e9 muito grande\u201d, lembrou.<\/p>\n\n\n\n<p><strong>Sonho do pai que passou para a filha<\/strong><\/p>\n\n\n\n<p>A soldado Amanda Lima, de 29 anos, foi a segunda da classe. O pai dela contou que tentou entrar para a guarni\u00e7\u00e3o quando tinha a mesma idade da filha, mas n\u00e3o conseguiu pela estatura. \u201cO mais dif\u00edcil foi s\u00f3 conseguir encontrar com ela aos fins de semana devido aos estudos, mas hoje \u00e9 uma vit\u00f3ria ver minha filha com esse certificado\u201d, disse Benedito Lima.<\/p>\n\n\n\n<p>A jovem sempre teve \u201cjeito\u201d para a profiss\u00e3o, uma vez que, desde pequena, subia e se pendurava em \u00e1rvores, sem medo do perigo. \u201cSei que ela vai salvar muita gente\u201d, completou o pai.<\/p>\n\n\n\n<p><strong>Aplausos, l\u00e1grimas e \u201cbanho\u201d: saiba como \u00e9 a cerim\u00f4nia de formatura dos bombeiros<\/strong><\/p>\n\n\n\n<p>A cerim\u00f4nia de formatura dos bombeiros \u00e9 um tanto quanto diferente. Al\u00e9m dos certificados, os novos bombeiros recebem capacetes, colocados sob suas cabe\u00e7as por algum familiar. Os formandos tamb\u00e9m fazem passeata, d\u00e3o gritos de guerra e, ao fim, se juntam ao centro do p\u00e1tio e, em meio a fuma\u00e7a vermelha, recebem um \u201cbanho\u201d de \u00e1gua e atravessam a tirolesa.<\/p>\n\n\n\n<figure class=\"wp-block-image\"><img data-recalc-dims=\"1\" decoding=\"async\" src=\"https:\/\/i0.wp.com\/www.ssp.sp.gov.br\/midia\/Imagem\/D00054985.jpg?w=708\" alt=\"\"\/><\/figure>\n\n\n\n<p>Os 168 formandos de hoje come\u00e7aram o m\u00f3dulo de especializa\u00e7\u00e3o em dezembro do ano passado. Nesse per\u00edodo, eles aprenderam a combater inc\u00eandios, resgatar e salvar pessoas, com simula\u00e7\u00f5es exatas para n\u00e3o serem pegos desprevenidos durante o trabalho. Antes disso, eles passaram pelo m\u00f3dulo b\u00e1sico na Escola Superior de Soldados.&nbsp;<\/p>\n\n\n\n<p>Pais, amigos e familiares s\u00e3o convidados para participar da cerim\u00f4nia e, em determinado momento, v\u00e3o ao encontro do formando para prestar a homenagem. A formatura desta sexta-feira foi marcada por aplausos e emo\u00e7\u00e3o.<\/p>\n\n\n\n<p><strong><em><strong><em><strong><em><strong><em><strong><em><strong><em><strong><em><strong><em><strong>Siga nossas redes sociais no\u00a0<a href=\"https:\/\/www.instagram.com\/ronipaparazzi\/\">Instagram\u00a0<\/a>e\u00a0<a href=\"https:\/\/www.facebook.com\/ronipaparazzicomvoce\">Facebook<\/a>\u00a0participe da nossa comunidade do Canal Roni Paparazzi no Whatsapp e receba as principais not\u00edcias do dia direto no seu celular.<\/strong>\u00a0<a href=\"https:\/\/chat.whatsapp.com\/GsG1XKo0jPOEfjzudWQcml\" target=\"_blank\" rel=\"noreferrer noopener\">\u00a0Clique aqui e se inscreva.<\/a><\/em><\/strong><\/em><\/strong><\/em><\/strong><\/em><\/strong><\/em><\/strong><\/em><\/strong><\/em><\/strong><\/em><\/strong><\/p>\n","protected":false},"excerpt":{"rendered":"<p>Enquanto ainda estava no Ex\u00e9rcito, Gustavo Prais, de 21 anos, decidiu prestar concurso para ingressar nos Bombeiros de S\u00e3o Paulo. O sonho era antigo. Ele s\u00f3 contou \u00e0 fam\u00edlia quando passou na prova. Nesta sexta-feira (7), ele se formou na Escola Superior de Bombeiros: foi o primeiro colocado da turma, com a m\u00e9dia de 9,6. &hellip;<\/p>\n","protected":false},"author":1,"featured_media":10301,"comment_status":"open","ping_status":"open","sticky":false,"template":"","format":"standard","meta":{"_jetpack_memberships_contains_paid_content":false,"footnotes":"","jetpack_publicize_message":"","jetpack_publicize_feature_enabled":true,"jetpack_social_post_already_shared":false,"jetpack_social_options":{"image_generator_settings":{"template":"highway","default_image_id":0,"enabled":false},"version":2}},"categories":[3],"tags":[],"class_list":["post-10300","post","type-post","status-publish","format-standard","has-post-thumbnail","hentry","category-policial"],"jetpack_publicize_connections":[],"jetpack_featured_media_url":"https:\/\/i0.wp.com\/www.paparazzinews.com.br\/wp-content\/uploads\/2024\/06\/00054982.jpg?fit=1401%2C847&ssl=1","views":"2318","jetpack_likes_enabled":true,"jetpack_sharing_enabled":true,"_links":{"self":[{"href":"https:\/\/www.paparazzinews.com.br\/index.php?rest_route=\/wp\/v2\/posts\/10300","targetHints":{"allow":["GET"]}}],"collection":[{"href":"https:\/\/www.paparazzinews.com.br\/index.php?rest_route=\/wp\/v2\/posts"}],"about":[{"href":"https:\/\/www.paparazzinews.com.br\/index.php?rest_route=\/wp\/v2\/types\/post"}],"author":[{"embeddable":true,"href":"https:\/\/www.paparazzinews.com.br\/index.php?rest_route=\/wp\/v2\/users\/1"}],"replies":[{"embeddable":true,"href":"https:\/\/www.paparazzinews.com.br\/index.php?rest_route=%2Fwp%2Fv2%2Fcomments&post=10300"}],"version-history":[{"count":1,"href":"https:\/\/www.paparazzinews.com.br\/index.php?rest_route=\/wp\/v2\/posts\/10300\/revisions"}],"predecessor-version":[{"id":10302,"href":"https:\/\/www.paparazzinews.com.br\/index.php?rest_route=\/wp\/v2\/posts\/10300\/revisions\/10302"}],"wp:featuredmedia":[{"embeddable":true,"href":"https:\/\/www.paparazzinews.com.br\/index.php?rest_route=\/wp\/v2\/media\/10301"}],"wp:attachment":[{"href":"https:\/\/www.paparazzinews.com.br\/index.php?rest_route=%2Fwp%2Fv2%2Fmedia&parent=10300"}],"wp:term":[{"taxonomy":"category","embeddable":true,"href":"https:\/\/www.paparazzinews.com.br\/index.php?rest_route=%2Fwp%2Fv2%2Fcategories&post=10300"},{"taxonomy":"post_tag","embeddable":true,"href":"https:\/\/www.paparazzinews.com.br\/index.php?rest_route=%2Fwp%2Fv2%2Ftags&post=10300"}],"curies":[{"name":"wp","href":"https:\/\/api.w.org\/{rel}","templated":true}]}}