{"id":10285,"date":"2024-06-05T12:51:19","date_gmt":"2024-06-05T15:51:19","guid":{"rendered":"https:\/\/www.paparazzinews.com.br\/?p=10285"},"modified":"2024-06-05T12:51:20","modified_gmt":"2024-06-05T15:51:20","slug":"policias-militar-e-civil-prendem-traficante-suspeito-de-matar-jovem-com-tiros","status":"publish","type":"post","link":"https:\/\/www.paparazzinews.com.br\/?p=10285","title":{"rendered":"Pol\u00edcias Militar e Civil prendem traficante suspeito de matar jovem com tiros"},"content":{"rendered":"\n<p>As pol\u00edcias Militar e Civil prenderam o traficante suspeito de ter matado um jovem de 19 anos a tiros, no Jardim Etemp, em S\u00e3o Jos\u00e9 do Rio Preto, no interior de SP. O crime aconteceu em dezembro do ano passado, quando a v\u00edtima retirava a moto da garagem de casa. Guilherme Leonel Duarte foi baleado com ao menos tr\u00eas disparos de arma de fogo e n\u00e3o resistiu. A informa\u00e7\u00e3o \u00e9 do Sbtinterior.<br><br>Segundo informa\u00e7\u00f5es da Delegacia de Homic\u00eddios, logo ap\u00f3s a morte da v\u00edtima, a equipe iniciou a investiga\u00e7\u00e3o na \u00e1rea onde o crime aconteceu, e chegou at\u00e9 o suspeito, um jovem de 21 anos. Com os ind\u00edcios de autoria do homic\u00eddio, o delegado que coordenou a investiga\u00e7\u00e3o solicitou o pedido de pris\u00e3o tempor\u00e1ria do criminoso, que foi aprovado pelo Minist\u00e9rio P\u00fablico e determinado pela Justi\u00e7a.<\/p>\n\n\n\n<p>Os policiais civis fizeram diversas buscas, mas ele&nbsp;n\u00e3o foi encontrado. Na \u00faltima segunda-feira (3\/6), o jovem&nbsp;foi preso em flagrante pela Pol\u00edcia Militar,&nbsp;pelo crime de tr\u00e1fico de drogas. Ontem, ap\u00f3s ser informada sobre a pris\u00e3o do traficante, a Pol\u00edcia Civil cumpriu o mandado de pris\u00e3o tempor\u00e1ria.&nbsp;<\/p>\n\n\n\n<p>De acordo com a Divis\u00e3o Especializada em Investiga\u00e7\u00f5es Criminais (DEIC), a pris\u00e3o tempor\u00e1ria do rapaz vai colaborar no esclarecimento das circunst\u00e2ncias do assassinato de Guilherme, al\u00e9m de apontar poss\u00edveis coautores, juntada de laudos e localiza\u00e7\u00e3o da arma utilizada no crime.<\/p>\n\n\n\n<p>Desde o in\u00edcio do ano, a Delegacia de Homic\u00eddios prendeu ou apreendeu 31 pessoas, sendo a imensa maioria ligadas \u00e0 autoria de homic\u00eddios e tentativas de homic\u00eddios, apreendendo ainda 14 armas de fogo.<\/p>\n\n\n\n<p><strong><em><strong><em><strong><em><strong><em><strong><em><strong><em><strong><em><strong><em><strong>Siga nossas redes sociais no\u00a0<a href=\"https:\/\/www.instagram.com\/ronipaparazzi\/\">Instagram\u00a0<\/a>e\u00a0<a href=\"https:\/\/www.facebook.com\/ronipaparazzicomvoce\">Facebook<\/a>\u00a0participe da nossa comunidade do Canal Roni Paparazzi no Whatsapp e receba as principais not\u00edcias do dia direto no seu celular.<\/strong>\u00a0<a href=\"https:\/\/chat.whatsapp.com\/GsG1XKo0jPOEfjzudWQcml\" target=\"_blank\" rel=\"noreferrer noopener\">\u00a0Clique aqui e se inscreva.<\/a><\/em><\/strong><\/em><\/strong><\/em><\/strong><\/em><\/strong><\/em><\/strong><\/em><\/strong><\/em><\/strong><\/em><\/strong><\/p>\n","protected":false},"excerpt":{"rendered":"<p>As pol\u00edcias Militar e Civil prenderam o traficante suspeito de ter matado um jovem de 19 anos a tiros, no Jardim Etemp, em S\u00e3o Jos\u00e9 do Rio Preto, no interior de SP. O crime aconteceu em dezembro do ano passado, quando a v\u00edtima retirava a moto da garagem de casa. Guilherme Leonel Duarte foi baleado &hellip;<\/p>\n","protected":false},"author":1,"featured_media":10286,"comment_status":"open","ping_status":"open","sticky":false,"template":"","format":"standard","meta":{"_jetpack_memberships_contains_paid_content":false,"footnotes":"","jetpack_publicize_message":"","jetpack_publicize_feature_enabled":true,"jetpack_social_post_already_shared":false,"jetpack_social_options":{"image_generator_settings":{"template":"highway","default_image_id":0,"enabled":false},"version":2}},"categories":[3],"tags":[],"class_list":["post-10285","post","type-post","status-publish","format-standard","has-post-thumbnail","hentry","category-policial"],"jetpack_publicize_connections":[],"jetpack_featured_media_url":"https:\/\/i0.wp.com\/www.paparazzinews.com.br\/wp-content\/uploads\/2024\/06\/policias-militar-e-civil-prendem-traficante-suspeito-de-matar-jovem-de-19-anos-em-rio-preto-050624_111417.jpg?fit=563%2C400&ssl=1","views":"3935","jetpack_likes_enabled":true,"jetpack_sharing_enabled":true,"_links":{"self":[{"href":"https:\/\/www.paparazzinews.com.br\/index.php?rest_route=\/wp\/v2\/posts\/10285","targetHints":{"allow":["GET"]}}],"collection":[{"href":"https:\/\/www.paparazzinews.com.br\/index.php?rest_route=\/wp\/v2\/posts"}],"about":[{"href":"https:\/\/www.paparazzinews.com.br\/index.php?rest_route=\/wp\/v2\/types\/post"}],"author":[{"embeddable":true,"href":"https:\/\/www.paparazzinews.com.br\/index.php?rest_route=\/wp\/v2\/users\/1"}],"replies":[{"embeddable":true,"href":"https:\/\/www.paparazzinews.com.br\/index.php?rest_route=%2Fwp%2Fv2%2Fcomments&post=10285"}],"version-history":[{"count":1,"href":"https:\/\/www.paparazzinews.com.br\/index.php?rest_route=\/wp\/v2\/posts\/10285\/revisions"}],"predecessor-version":[{"id":10287,"href":"https:\/\/www.paparazzinews.com.br\/index.php?rest_route=\/wp\/v2\/posts\/10285\/revisions\/10287"}],"wp:featuredmedia":[{"embeddable":true,"href":"https:\/\/www.paparazzinews.com.br\/index.php?rest_route=\/wp\/v2\/media\/10286"}],"wp:attachment":[{"href":"https:\/\/www.paparazzinews.com.br\/index.php?rest_route=%2Fwp%2Fv2%2Fmedia&parent=10285"}],"wp:term":[{"taxonomy":"category","embeddable":true,"href":"https:\/\/www.paparazzinews.com.br\/index.php?rest_route=%2Fwp%2Fv2%2Fcategories&post=10285"},{"taxonomy":"post_tag","embeddable":true,"href":"https:\/\/www.paparazzinews.com.br\/index.php?rest_route=%2Fwp%2Fv2%2Ftags&post=10285"}],"curies":[{"name":"wp","href":"https:\/\/api.w.org\/{rel}","templated":true}]}}