{"id":10282,"date":"2024-06-05T12:49:04","date_gmt":"2024-06-05T15:49:04","guid":{"rendered":"https:\/\/www.paparazzinews.com.br\/?p=10282"},"modified":"2024-06-05T12:49:04","modified_gmt":"2024-06-05T15:49:04","slug":"marceneiro-desmaia-durante-voo-de-paramotor-e-sofre-grave-acidente","status":"publish","type":"post","link":"https:\/\/www.paparazzinews.com.br\/?p=10282","title":{"rendered":"Marceneiro desmaia durante voo de paramotor e sofre grave acidente"},"content":{"rendered":"\n<p>Um marceneiro de 30 anos, morador de Potirendaba (SP), foi internado em estado grave ap\u00f3s sofrer um acidente com paramotor em Mira Estrela (SP). A informa\u00e7\u00e3o \u00e9 do Sbtinterior.<\/p>\n\n\n\n<p>A v\u00edtima est\u00e1 internada na Unidade de Terapia Intensiva (UTI) do Hospital de Base de S\u00e3o Jos\u00e9 do Rio Preto (SP), com fratura na clav\u00edcula e perfura\u00e7\u00e3o no pulm\u00e3o, al\u00e9m de apresentar sangramento no c\u00e9rebro ap\u00f3s ter sido resgatado no acidente. Ele passou por cirurgia e est\u00e1 entubado e sedado.<\/p>\n\n\n\n<p>Abmael Biesso teria desmaiado durante o voo.\u00a0As causas do acidente dever\u00e3o ser investigadas. Nas redes sociais, Abmael, que trabalha como marceneiro, compartilha a paix\u00e3o pela pr\u00e1tica de voo de paramotor. V\u00eddeos publicados o mostram realizando in\u00fameros voos, tomando caf\u00e9 e at\u00e9 fazendo refei\u00e7\u00f5es nas alturas. O marceneiro tem paix\u00e3o pela pr\u00e1tica.<\/p>\n\n\n\n<p><strong><em><strong><em><strong><em><strong><em><strong><em><strong><em><strong><em><strong><em><strong>Siga nossas redes sociais no\u00a0<a href=\"https:\/\/www.instagram.com\/ronipaparazzi\/\">Instagram\u00a0<\/a>e\u00a0<a href=\"https:\/\/www.facebook.com\/ronipaparazzicomvoce\">Facebook<\/a>\u00a0participe da nossa comunidade do Canal Roni Paparazzi no Whatsapp e receba as principais not\u00edcias do dia direto no seu celular.<\/strong>\u00a0<a href=\"https:\/\/chat.whatsapp.com\/GsG1XKo0jPOEfjzudWQcml\" target=\"_blank\" rel=\"noreferrer noopener\">\u00a0Clique aqui e se inscreva.<\/a><\/em><\/strong><\/em><\/strong><\/em><\/strong><\/em><\/strong><\/em><\/strong><\/em><\/strong><\/em><\/strong><\/em><\/strong><\/p>\n","protected":false},"excerpt":{"rendered":"<p>Um marceneiro de 30 anos, morador de Potirendaba (SP), foi internado em estado grave ap\u00f3s sofrer um acidente com paramotor em Mira Estrela (SP). A informa\u00e7\u00e3o \u00e9 do Sbtinterior. A v\u00edtima est\u00e1 internada na Unidade de Terapia Intensiva (UTI) do Hospital de Base de S\u00e3o Jos\u00e9 do Rio Preto (SP), com fratura na clav\u00edcula e &hellip;<\/p>\n","protected":false},"author":1,"featured_media":10283,"comment_status":"open","ping_status":"open","sticky":false,"template":"","format":"standard","meta":{"_jetpack_memberships_contains_paid_content":false,"footnotes":"","jetpack_publicize_message":"","jetpack_publicize_feature_enabled":true,"jetpack_social_post_already_shared":false,"jetpack_social_options":{"image_generator_settings":{"template":"highway","default_image_id":0,"enabled":false},"version":2}},"categories":[3],"tags":[],"class_list":["post-10282","post","type-post","status-publish","format-standard","has-post-thumbnail","hentry","category-policial"],"jetpack_publicize_connections":[],"jetpack_featured_media_url":"https:\/\/i0.wp.com\/www.paparazzinews.com.br\/wp-content\/uploads\/2024\/06\/morador-de-potirendaba-e-internado-na-uti-apos-acidente-com-paramotor-050624_103201.jpg?fit=600%2C462&ssl=1","views":"3376","jetpack_likes_enabled":true,"jetpack_sharing_enabled":true,"_links":{"self":[{"href":"https:\/\/www.paparazzinews.com.br\/index.php?rest_route=\/wp\/v2\/posts\/10282","targetHints":{"allow":["GET"]}}],"collection":[{"href":"https:\/\/www.paparazzinews.com.br\/index.php?rest_route=\/wp\/v2\/posts"}],"about":[{"href":"https:\/\/www.paparazzinews.com.br\/index.php?rest_route=\/wp\/v2\/types\/post"}],"author":[{"embeddable":true,"href":"https:\/\/www.paparazzinews.com.br\/index.php?rest_route=\/wp\/v2\/users\/1"}],"replies":[{"embeddable":true,"href":"https:\/\/www.paparazzinews.com.br\/index.php?rest_route=%2Fwp%2Fv2%2Fcomments&post=10282"}],"version-history":[{"count":1,"href":"https:\/\/www.paparazzinews.com.br\/index.php?rest_route=\/wp\/v2\/posts\/10282\/revisions"}],"predecessor-version":[{"id":10284,"href":"https:\/\/www.paparazzinews.com.br\/index.php?rest_route=\/wp\/v2\/posts\/10282\/revisions\/10284"}],"wp:featuredmedia":[{"embeddable":true,"href":"https:\/\/www.paparazzinews.com.br\/index.php?rest_route=\/wp\/v2\/media\/10283"}],"wp:attachment":[{"href":"https:\/\/www.paparazzinews.com.br\/index.php?rest_route=%2Fwp%2Fv2%2Fmedia&parent=10282"}],"wp:term":[{"taxonomy":"category","embeddable":true,"href":"https:\/\/www.paparazzinews.com.br\/index.php?rest_route=%2Fwp%2Fv2%2Fcategories&post=10282"},{"taxonomy":"post_tag","embeddable":true,"href":"https:\/\/www.paparazzinews.com.br\/index.php?rest_route=%2Fwp%2Fv2%2Ftags&post=10282"}],"curies":[{"name":"wp","href":"https:\/\/api.w.org\/{rel}","templated":true}]}}