{"id":10187,"date":"2024-06-03T13:00:02","date_gmt":"2024-06-03T16:00:02","guid":{"rendered":"https:\/\/www.paparazzinews.com.br\/?p=10187"},"modified":"2024-06-03T13:00:03","modified_gmt":"2024-06-03T16:00:03","slug":"policiais-a-paisana-prendem-trio-com-10-celulares-furtados-na-parada-lgbtqia","status":"publish","type":"post","link":"https:\/\/www.paparazzinews.com.br\/?p=10187","title":{"rendered":"Policiais \u00e0 paisana prendem trio com 10 celulares furtados na Parada LGBTQIA+"},"content":{"rendered":"\n<p>Policiais civis \u00e0 paisana prenderam um homem e duas mulheres, entre 28 e 42 anos, suspeitos de furto durante a&nbsp;<a href=\"https:\/\/www.ssp.sp.gov.br\/noticia\/57469\"><strong>Parada LGBTQIA+<\/strong><\/a>, que aconteceu na regi\u00e3o da avenida Paulista, em S\u00e3o Paulo, no domingo (2). Com o trio, foram encontrados dez celulares.<\/p>\n\n\n\n<p>Os agentes estavam disfar\u00e7ados em meio ao p\u00fablico quando, pela Pra\u00e7a Roosevelt, avistaram tr\u00eas pessoas em atitude suspeita. A equipe se aproximou e percebeu que uma delas entregou celulares para um terceiro suspeito, que escondeu os aparelhos em uma bolsa.<\/p>\n\n\n\n<p>A abordagem foi realizada e, na bolsa, os policiais encontraram oito celulares. Durante a revista pessoal, foram localizados mais dois aparelhos com os suspeitos. Nenhum deles soube explicar a origem dos celulares.<\/p>\n\n\n\n<p>O trio foi conduzido \u00e0 delegacia. Durante a pesquisa em um dos telefones, os agentes encontraram um n\u00famero de emerg\u00eancia. Ao ligar, a amiga da v\u00edtima informou que ela havia sido furtada durante a Parada LGBTQIA+. A mulher foi at\u00e9 o Distrito Policial e teve o seu celular devolvido.<\/p>\n\n\n\n<p>Outros dois aparelhos tinham registros de furto, sendo um h\u00e1 um m\u00eas e outro em dezembro do ano passado. Os demais celulares permaneceram apreendidos.&nbsp;<\/p>\n\n\n\n<p>Ainda na delegacia, foi constatado que uma das suspeitas havia entregado um documento falso aos policiais. Ao ser consultado, os agentes descobriram que ela era procurada pela Justi\u00e7a de Goi\u00e1s.&nbsp;<\/p>\n\n\n\n<p>Todos os tr\u00eas permaneceram presos. O caso foi registrado como furto, recepta\u00e7\u00e3o e captura de procurado, na Delegacia de Repress\u00e3o aos Crimes Raciais, Contra a Diversidade Sexual e de G\u00eanero e outros Delitos de Intoler\u00e2ncia (Decradi), do Departamento de Homic\u00eddios e Prote\u00e7\u00e3o \u00e0 Pessoa (DHPP).<\/p>\n\n\n\n<p><strong>Outros 5 presos no evento<\/strong><\/p>\n\n\n\n<p>Ainda durante a Parada LGBTQIA+, a Pol\u00edcia Civil prendeu cinco pessoas com&nbsp; cinco celulares furtados. O grupo tamb\u00e9m foi abordado ap\u00f3s os agentes notarem atitude suspeita em meio \u00e0 multid\u00e3o.&nbsp;<\/p>\n\n\n\n<p>Durante as buscas, a equipe encontrou os aparelhos e os suspeitos n\u00e3o souberam informar a proced\u00eancia deles. Eles foram levados \u00e0 Decradi e v\u00e3o&nbsp; responder criminalmente por furto.<\/p>\n\n\n\n<p><strong><em><strong><em><strong><em><strong><em><strong><em><strong><em><strong><em><strong><em><strong>Siga nossas redes sociais no\u00a0<a href=\"https:\/\/www.instagram.com\/ronipaparazzi\/\">Instagram\u00a0<\/a>e\u00a0<a href=\"https:\/\/www.facebook.com\/ronipaparazzicomvoce\">Facebook<\/a>\u00a0participe da nossa comunidade do Canal Roni Paparazzi no Whatsapp e receba as principais not\u00edcias do dia direto no seu celular.<\/strong>\u00a0<a href=\"https:\/\/chat.whatsapp.com\/GsG1XKo0jPOEfjzudWQcml\" target=\"_blank\" rel=\"noreferrer noopener\">\u00a0Clique aqui e se inscreva.<\/a><\/em><\/strong><\/em><\/strong><\/em><\/strong><\/em><\/strong><\/em><\/strong><\/em><\/strong><\/em><\/strong><\/em><\/strong><\/p>\n","protected":false},"excerpt":{"rendered":"<p>Policiais civis \u00e0 paisana prenderam um homem e duas mulheres, entre 28 e 42 anos, suspeitos de furto durante a&nbsp;Parada LGBTQIA+, que aconteceu na regi\u00e3o da avenida Paulista, em S\u00e3o Paulo, no domingo (2). Com o trio, foram encontrados dez celulares. Os agentes estavam disfar\u00e7ados em meio ao p\u00fablico quando, pela Pra\u00e7a Roosevelt, avistaram tr\u00eas &hellip;<\/p>\n","protected":false},"author":1,"featured_media":10188,"comment_status":"open","ping_status":"open","sticky":false,"template":"","format":"standard","meta":{"_jetpack_memberships_contains_paid_content":false,"footnotes":"","jetpack_publicize_message":"","jetpack_publicize_feature_enabled":true,"jetpack_social_post_already_shared":false,"jetpack_social_options":{"image_generator_settings":{"template":"highway","default_image_id":0,"enabled":false},"version":2}},"categories":[3],"tags":[],"class_list":["post-10187","post","type-post","status-publish","format-standard","has-post-thumbnail","hentry","category-policial"],"jetpack_publicize_connections":[],"jetpack_featured_media_url":"https:\/\/i0.wp.com\/www.paparazzinews.com.br\/wp-content\/uploads\/2024\/06\/00054896.jpg?fit=408%2C341&ssl=1","views":"1176","jetpack_likes_enabled":true,"jetpack_sharing_enabled":true,"_links":{"self":[{"href":"https:\/\/www.paparazzinews.com.br\/index.php?rest_route=\/wp\/v2\/posts\/10187","targetHints":{"allow":["GET"]}}],"collection":[{"href":"https:\/\/www.paparazzinews.com.br\/index.php?rest_route=\/wp\/v2\/posts"}],"about":[{"href":"https:\/\/www.paparazzinews.com.br\/index.php?rest_route=\/wp\/v2\/types\/post"}],"author":[{"embeddable":true,"href":"https:\/\/www.paparazzinews.com.br\/index.php?rest_route=\/wp\/v2\/users\/1"}],"replies":[{"embeddable":true,"href":"https:\/\/www.paparazzinews.com.br\/index.php?rest_route=%2Fwp%2Fv2%2Fcomments&post=10187"}],"version-history":[{"count":1,"href":"https:\/\/www.paparazzinews.com.br\/index.php?rest_route=\/wp\/v2\/posts\/10187\/revisions"}],"predecessor-version":[{"id":10189,"href":"https:\/\/www.paparazzinews.com.br\/index.php?rest_route=\/wp\/v2\/posts\/10187\/revisions\/10189"}],"wp:featuredmedia":[{"embeddable":true,"href":"https:\/\/www.paparazzinews.com.br\/index.php?rest_route=\/wp\/v2\/media\/10188"}],"wp:attachment":[{"href":"https:\/\/www.paparazzinews.com.br\/index.php?rest_route=%2Fwp%2Fv2%2Fmedia&parent=10187"}],"wp:term":[{"taxonomy":"category","embeddable":true,"href":"https:\/\/www.paparazzinews.com.br\/index.php?rest_route=%2Fwp%2Fv2%2Fcategories&post=10187"},{"taxonomy":"post_tag","embeddable":true,"href":"https:\/\/www.paparazzinews.com.br\/index.php?rest_route=%2Fwp%2Fv2%2Ftags&post=10187"}],"curies":[{"name":"wp","href":"https:\/\/api.w.org\/{rel}","templated":true}]}}