{"id":10184,"date":"2024-06-03T12:57:26","date_gmt":"2024-06-03T15:57:26","guid":{"rendered":"https:\/\/www.paparazzinews.com.br\/?p=10184"},"modified":"2024-06-03T12:57:27","modified_gmt":"2024-06-03T15:57:27","slug":"policia-de-sp-prende-lider-de-faccao-criminosa-do-amapa","status":"publish","type":"post","link":"https:\/\/www.paparazzinews.com.br\/?p=10184","title":{"rendered":"Pol\u00edcia de SP prende l\u00edder de fac\u00e7\u00e3o criminosa do Amap\u00e1"},"content":{"rendered":"\n<p>Os agentes do Departamento Estadual de Preven\u00e7\u00e3o e Repress\u00e3o ao Narcotr\u00e1fico (Denarc) prenderam em S\u00e3o Paulo uma das lideran\u00e7as de uma fac\u00e7\u00e3o criminosa do estado do Amap\u00e1. O suspeito, de 34 anos, tinha um mandado de pris\u00e3o em aberto pelo crime de roubo e constava como procurado na p\u00e1gina da Pol\u00edcia Civil amapaense.<\/p>\n\n\n\n<p>A opera\u00e7\u00e3o para a pris\u00e3o do criminoso aconteceu ap\u00f3s a troca de informa\u00e7\u00f5es entre as pol\u00edcias dos dois estados. Agentes da Delegacia Especializada de T\u00f3xicos e Entorpecentes informaram aos policiais do Denarc o paradeiro do homem, que estaria h\u00e1 alguns anos em S\u00e3o Paulo.<\/p>\n\n\n\n<p>Na quinta-feira (30), os agentes foram at\u00e9 o endere\u00e7o, no jardim Arpoador, na zona sul da capital paulista, onde o criminoso vivia em um apartamento de alto padr\u00e3o.<\/p>\n\n\n\n<p>Os policiais fizeram contato com o foragido, que se recusou a abrir a porta do apartamento. Os agentes conseguiram entrar e efetuaram a captura. No local, encontraram um documento falso.<\/p>\n\n\n\n<p>O preso foi encaminhado ao Instituto M\u00e9dico Legal para ser submetido aos exames de praxe. O homem est\u00e1 \u00e0 disposi\u00e7\u00e3o da Justi\u00e7a do estado do Amap\u00e1.<\/p>\n\n\n\n<p><strong><em><strong><em><strong><em><strong><em><strong><em><strong><em><strong><em><strong><em><strong>Siga nossas redes sociais no\u00a0<a href=\"https:\/\/www.instagram.com\/ronipaparazzi\/\">Instagram\u00a0<\/a>e\u00a0<a href=\"https:\/\/www.facebook.com\/ronipaparazzicomvoce\">Facebook<\/a>\u00a0participe da nossa comunidade do Canal Roni Paparazzi no Whatsapp e receba as principais not\u00edcias do dia direto no seu celular.<\/strong>\u00a0<a href=\"https:\/\/chat.whatsapp.com\/GsG1XKo0jPOEfjzudWQcml\" target=\"_blank\" rel=\"noreferrer noopener\">\u00a0Clique aqui e se inscreva.<\/a><\/em><\/strong><\/em><\/strong><\/em><\/strong><\/em><\/strong><\/em><\/strong><\/em><\/strong><\/em><\/strong><\/em><\/strong><\/p>\n","protected":false},"excerpt":{"rendered":"<p>Os agentes do Departamento Estadual de Preven\u00e7\u00e3o e Repress\u00e3o ao Narcotr\u00e1fico (Denarc) prenderam em S\u00e3o Paulo uma das lideran\u00e7as de uma fac\u00e7\u00e3o criminosa do estado do Amap\u00e1. O suspeito, de 34 anos, tinha um mandado de pris\u00e3o em aberto pelo crime de roubo e constava como procurado na p\u00e1gina da Pol\u00edcia Civil amapaense. A opera\u00e7\u00e3o &hellip;<\/p>\n","protected":false},"author":1,"featured_media":10185,"comment_status":"open","ping_status":"open","sticky":false,"template":"","format":"standard","meta":{"_jetpack_memberships_contains_paid_content":false,"footnotes":"","jetpack_publicize_message":"","jetpack_publicize_feature_enabled":true,"jetpack_social_post_already_shared":false,"jetpack_social_options":{"image_generator_settings":{"template":"highway","default_image_id":0,"enabled":false},"version":2}},"categories":[3],"tags":[],"class_list":["post-10184","post","type-post","status-publish","format-standard","has-post-thumbnail","hentry","category-policial"],"jetpack_publicize_connections":[],"jetpack_featured_media_url":"https:\/\/i0.wp.com\/www.paparazzinews.com.br\/wp-content\/uploads\/2024\/06\/00054892-scaled-e1717430240941.jpg?fit=1000%2C750&ssl=1","views":"1238","jetpack_likes_enabled":true,"jetpack_sharing_enabled":true,"_links":{"self":[{"href":"https:\/\/www.paparazzinews.com.br\/index.php?rest_route=\/wp\/v2\/posts\/10184","targetHints":{"allow":["GET"]}}],"collection":[{"href":"https:\/\/www.paparazzinews.com.br\/index.php?rest_route=\/wp\/v2\/posts"}],"about":[{"href":"https:\/\/www.paparazzinews.com.br\/index.php?rest_route=\/wp\/v2\/types\/post"}],"author":[{"embeddable":true,"href":"https:\/\/www.paparazzinews.com.br\/index.php?rest_route=\/wp\/v2\/users\/1"}],"replies":[{"embeddable":true,"href":"https:\/\/www.paparazzinews.com.br\/index.php?rest_route=%2Fwp%2Fv2%2Fcomments&post=10184"}],"version-history":[{"count":1,"href":"https:\/\/www.paparazzinews.com.br\/index.php?rest_route=\/wp\/v2\/posts\/10184\/revisions"}],"predecessor-version":[{"id":10186,"href":"https:\/\/www.paparazzinews.com.br\/index.php?rest_route=\/wp\/v2\/posts\/10184\/revisions\/10186"}],"wp:featuredmedia":[{"embeddable":true,"href":"https:\/\/www.paparazzinews.com.br\/index.php?rest_route=\/wp\/v2\/media\/10185"}],"wp:attachment":[{"href":"https:\/\/www.paparazzinews.com.br\/index.php?rest_route=%2Fwp%2Fv2%2Fmedia&parent=10184"}],"wp:term":[{"taxonomy":"category","embeddable":true,"href":"https:\/\/www.paparazzinews.com.br\/index.php?rest_route=%2Fwp%2Fv2%2Fcategories&post=10184"},{"taxonomy":"post_tag","embeddable":true,"href":"https:\/\/www.paparazzinews.com.br\/index.php?rest_route=%2Fwp%2Fv2%2Ftags&post=10184"}],"curies":[{"name":"wp","href":"https:\/\/api.w.org\/{rel}","templated":true}]}}