{"id":10133,"date":"2024-05-29T16:30:06","date_gmt":"2024-05-29T19:30:06","guid":{"rendered":"https:\/\/www.paparazzinews.com.br\/?p=10133"},"modified":"2024-05-29T16:30:07","modified_gmt":"2024-05-29T19:30:07","slug":"ubs-laranjeiras-de-castilho-oferece-fuga-da-rotina-com-arteterapia-em-grupo","status":"publish","type":"post","link":"https:\/\/www.paparazzinews.com.br\/?p=10133","title":{"rendered":"UBS Laranjeiras de Castilho oferece fuga da rotina com arteterapia em grupo"},"content":{"rendered":"\n<p>O olhar atento das profissionais de Sa\u00fade da Equipe ESF do bairro Laranjeiras est\u00e1 promovendo grandes mudan\u00e7as positivas na rotina de v\u00e1rias moradoras do bairro. Na pr\u00f3pria Unidade B\u00e1sica de Sa\u00fade, funciona um Grupo Terap\u00eautico que utiliza o artesanato como forma de intera\u00e7\u00e3o social e tamb\u00e9m de aprendizado para as participantes.<\/p>\n\n\n\n<p>Rec\u00e9m formado, o grupo foi batizado pela equipe com o nome de \u201cAs Flores\u201d, e \u00e9 composto atualmente por 06 mulheres. Sobre a sua cria\u00e7\u00e3o, a enfermeira Ires Fernanda explica os detalhes:<br>\u201cObservamos que algumas pacientes que passam pelo acompanhamento profissional com psic\u00f3loga, demonstravam a necessidade de ocupar o tempo ocioso, relacionar-se com pessoas diferentes, falando sobre assuntos aleat\u00f3rios, enfim, um momento para relaxar e aprender algo novo\u201d, relatou.<\/p>\n\n\n\n<p>Inicialmente formado por 02 mulheres, a proposta era que os encontros acontecessem quinzenalmente, sempre \u00e0s quartas-feiras, das 08 \u00e0s 10hs. Mas, o entusiasmo do primeiro encontro contagiou a dupla, que convidou novos interessados e surgiu a proposta de aumentar a quantidade das reuni\u00f5es mensais. A instrutora \u00e9 a t\u00e9cnica em enfermagem Cida Queiroz, que tem habilidades com atividades manuais como croch\u00ea e bordados, produzindo v\u00e1rios trabalhos lind\u00edssimos. Ela gostou da proposta, e agora, os encontros acontecem semanalmente, mantendo dia e hor\u00e1rios iniciais.<\/p>\n\n\n\n<p>Os encontros s\u00e3o abertos \u00e0 participa\u00e7\u00e3o p\u00fablica, independente da idade e sexo, desde que estejam abertos a participar dos encontros. Alguns deles foram encaminhados pela pr\u00f3pria psic\u00f3loga. Outros foram convidados no pr\u00f3prio acolhimento da UBS, quando os profissionais observam a necessidade dos pacientes participarem de algo diferente, e que lhes tire da rotina.<\/p>\n\n\n\n<p>\u201cNo primeiro encontro vieram 02. Hoje acolhemos 06 mulheres. Mas n\u00e3o temos limite de inscritos. Quando o grupo est\u00e1 reunido, fazemos uma roda, onde aprendem croch\u00ea ponto cruz e ali conversam sobre assuntos aleat\u00f3rios, compartilhando suas expectativas e seus medos. Estes encontros que agora s\u00e3o semanais, contam tamb\u00e9m com a presen\u00e7a da psic\u00f3loga Anne, cujo m\u00e9todo de abordagem se mostra mais casual que terap\u00eautico\u201d, acrescenta Ires.<\/p>\n\n\n\n<p>Outro detalhe importante deste novo projeto, \u00e9 que todo o material utilizado pelo grupo foi doado pela comunidade e empresas parceiras que aderiram \u00e0 ideia apresentada pela equipe ESF. Ali\u00e1s, qualquer pessoa que desejar contribuir, pode procurar a UBS que ser\u00e3o muit\u00edssimo bem recebidos.<\/p>\n\n\n\n<p><strong>COMO PARTICIPAR<\/strong><br>Os interessados devem comparecer \u00e0 UBS Laranjeiras com o cart\u00e3o de cadastro azul, para fazer a inscri\u00e7\u00e3o.<\/p>\n\n\n\n<p>\u201cTentamos criar v\u00e1rios grupos na comunidade sem muito sucesso. Com este estamos incitando e percebendo melhor ades\u00e3o, pois eles est\u00e3o realizando as atividades: n\u00e3o falamos s\u00f3 de sa\u00fade; eles tamb\u00e9m falam de suas dificuldades e quebram paradigmas. Nossa expectativa \u00e9 de aumentar o p\u00fablico, trabalhando com as m\u00e3os e mentes\u201d, finaliza Ires.<\/p>\n\n\n\n<p><strong><em><strong><em><strong><em><strong><em><strong><em><strong><em><strong><em><strong><em><strong>Siga nossas redes sociais no\u00a0<a href=\"https:\/\/www.instagram.com\/ronipaparazzi\/\">Instagram\u00a0<\/a>e\u00a0<a href=\"https:\/\/www.facebook.com\/ronipaparazzicomvoce\">Facebook<\/a>\u00a0participe da nossa comunidade do Canal Roni Paparazzi no Whatsapp e receba as principais not\u00edcias do dia direto no seu celular.<\/strong>\u00a0<a href=\"https:\/\/chat.whatsapp.com\/GsG1XKo0jPOEfjzudWQcml\" target=\"_blank\" rel=\"noreferrer noopener\">\u00a0Clique aqui e se inscreva.<\/a><\/em><\/strong><\/em><\/strong><\/em><\/strong><\/em><\/strong><\/em><\/strong><\/em><\/strong><\/em><\/strong><\/em><\/strong><\/p>\n","protected":false},"excerpt":{"rendered":"<p>O olhar atento das profissionais de Sa\u00fade da Equipe ESF do bairro Laranjeiras est\u00e1 promovendo grandes mudan\u00e7as positivas na rotina de v\u00e1rias moradoras do bairro. Na pr\u00f3pria Unidade B\u00e1sica de Sa\u00fade, funciona um Grupo Terap\u00eautico que utiliza o artesanato como forma de intera\u00e7\u00e3o social e tamb\u00e9m de aprendizado para as participantes. Rec\u00e9m formado, o grupo &hellip;<\/p>\n","protected":false},"author":1,"featured_media":10134,"comment_status":"open","ping_status":"open","sticky":false,"template":"","format":"standard","meta":{"_jetpack_memberships_contains_paid_content":false,"footnotes":"","jetpack_publicize_message":"","jetpack_publicize_feature_enabled":true,"jetpack_social_post_already_shared":false,"jetpack_social_options":{"image_generator_settings":{"template":"highway","default_image_id":0,"enabled":false},"version":2}},"categories":[4],"tags":[],"class_list":["post-10133","post","type-post","status-publish","format-standard","has-post-thumbnail","hentry","category-regiao"],"jetpack_publicize_connections":[],"jetpack_featured_media_url":"https:\/\/i0.wp.com\/www.paparazzinews.com.br\/wp-content\/uploads\/2024\/05\/cb3de6f0-87c4-4139-be16-5b0a971aec18.jpeg?fit=1500%2C1125&ssl=1","views":"2687","jetpack_likes_enabled":true,"jetpack_sharing_enabled":true,"_links":{"self":[{"href":"https:\/\/www.paparazzinews.com.br\/index.php?rest_route=\/wp\/v2\/posts\/10133","targetHints":{"allow":["GET"]}}],"collection":[{"href":"https:\/\/www.paparazzinews.com.br\/index.php?rest_route=\/wp\/v2\/posts"}],"about":[{"href":"https:\/\/www.paparazzinews.com.br\/index.php?rest_route=\/wp\/v2\/types\/post"}],"author":[{"embeddable":true,"href":"https:\/\/www.paparazzinews.com.br\/index.php?rest_route=\/wp\/v2\/users\/1"}],"replies":[{"embeddable":true,"href":"https:\/\/www.paparazzinews.com.br\/index.php?rest_route=%2Fwp%2Fv2%2Fcomments&post=10133"}],"version-history":[{"count":1,"href":"https:\/\/www.paparazzinews.com.br\/index.php?rest_route=\/wp\/v2\/posts\/10133\/revisions"}],"predecessor-version":[{"id":10135,"href":"https:\/\/www.paparazzinews.com.br\/index.php?rest_route=\/wp\/v2\/posts\/10133\/revisions\/10135"}],"wp:featuredmedia":[{"embeddable":true,"href":"https:\/\/www.paparazzinews.com.br\/index.php?rest_route=\/wp\/v2\/media\/10134"}],"wp:attachment":[{"href":"https:\/\/www.paparazzinews.com.br\/index.php?rest_route=%2Fwp%2Fv2%2Fmedia&parent=10133"}],"wp:term":[{"taxonomy":"category","embeddable":true,"href":"https:\/\/www.paparazzinews.com.br\/index.php?rest_route=%2Fwp%2Fv2%2Fcategories&post=10133"},{"taxonomy":"post_tag","embeddable":true,"href":"https:\/\/www.paparazzinews.com.br\/index.php?rest_route=%2Fwp%2Fv2%2Ftags&post=10133"}],"curies":[{"name":"wp","href":"https:\/\/api.w.org\/{rel}","templated":true}]}}