{"id":1010,"date":"2022-10-25T14:38:35","date_gmt":"2022-10-25T17:38:35","guid":{"rendered":"https:\/\/www.paparazzinews.com.br\/?p=1010"},"modified":"2022-10-25T14:38:36","modified_gmt":"2022-10-25T17:38:36","slug":"escola-de-andradina-realiza-o-dia-da-familia","status":"publish","type":"post","link":"https:\/\/www.paparazzinews.com.br\/?p=1010","title":{"rendered":"Escola de Andradina realiza o \u201cDia da Fam\u00edlia\u201d"},"content":{"rendered":"\n<p>O \u201cDia da Fam\u00edlia na Escola\u201d foi comemorado na Escola Municipal de Ensino fundamental \u201cMaria Vera Quental Tamai\u201d com a participa\u00e7\u00e3o da Secretaria de Educa\u00e7\u00e3o. A atividade integrou a comunidade atrav\u00e9s de atividades l\u00fadicas e brincadeiras entre pais e filhos.<\/p>\n\n\n\n<p>\u201c\u00c9 sempre uma honra participar de momentos assim, quando conseguimos unir as fam\u00edlias e a escola fortalecendo essa rela\u00e7\u00e3o que s\u00f3 beneficia a crian\u00e7a no processo de aprendizado e ainda fortalece o v\u00ednculo dos pais e o ambiente escolar\u201d, disse a secret\u00e1ria de Educa\u00e7\u00e3o Estela Goda.<\/p>\n\n\n\n<p>Todo o corpo docente e discente da escola se mobilizou para organizar o Dia, palestras e atividades entre pais e filhos. A diretora da unidade escolar Luiza Helena Marim Marini, explicou que a\u00e7\u00f5es como o Dia da Fam\u00edlia na Escola s\u00e3o organizadas para complementar a grade de ensino e ainda elevar o rendimento pessoal de cada crian\u00e7a e consequentemente o conv\u00edvio com sua fam\u00edlia, unindo e aproximando tamb\u00e9m a comunidade.<\/p>\n\n\n\n<p>\u201cO intuito \u00e9 o de melhorar a experi\u00eancia educacional dos alunos, o trabalho em conjunto entre fam\u00edlia e escola \u00e9 fundamental. Quando n\u00e3o h\u00e1 intera\u00e7\u00e3o, surgem dificuldades para a implementa\u00e7\u00e3o de um projeto pedag\u00f3gico que traga resultados efetivos. Assim, ambas as partes devem se unir e criar metas simult\u00e2neas, compartilhando princ\u00edpios semelhantes para conseguirem trilhar um caminho de sucesso\u201d.<\/p>\n","protected":false},"excerpt":{"rendered":"<p>O \u201cDia da Fam\u00edlia na Escola\u201d foi comemorado na Escola Municipal de Ensino fundamental \u201cMaria Vera Quental Tamai\u201d com a participa\u00e7\u00e3o da Secretaria de Educa\u00e7\u00e3o. A atividade integrou a comunidade atrav\u00e9s de atividades l\u00fadicas e brincadeiras entre pais e filhos. \u201c\u00c9 sempre uma honra participar de momentos assim, quando conseguimos unir as fam\u00edlias e a &hellip;<\/p>\n","protected":false},"author":1,"featured_media":1012,"comment_status":"open","ping_status":"open","sticky":false,"template":"","format":"standard","meta":{"_jetpack_memberships_contains_paid_content":false,"footnotes":"","jetpack_publicize_message":"","jetpack_publicize_feature_enabled":true,"jetpack_social_post_already_shared":false,"jetpack_social_options":{"image_generator_settings":{"template":"highway","default_image_id":0,"enabled":false},"version":2}},"categories":[4],"tags":[],"class_list":["post-1010","post","type-post","status-publish","format-standard","has-post-thumbnail","hentry","category-regiao"],"jetpack_publicize_connections":[],"jetpack_featured_media_url":"https:\/\/i0.wp.com\/www.paparazzinews.com.br\/wp-content\/uploads\/2022\/10\/2c2818ce-4b83-44c9-8edf-cef434572a16-e1666719507887.jpg?fit=1000%2C610&ssl=1","views":"2624","jetpack_likes_enabled":true,"jetpack_sharing_enabled":true,"_links":{"self":[{"href":"https:\/\/www.paparazzinews.com.br\/index.php?rest_route=\/wp\/v2\/posts\/1010","targetHints":{"allow":["GET"]}}],"collection":[{"href":"https:\/\/www.paparazzinews.com.br\/index.php?rest_route=\/wp\/v2\/posts"}],"about":[{"href":"https:\/\/www.paparazzinews.com.br\/index.php?rest_route=\/wp\/v2\/types\/post"}],"author":[{"embeddable":true,"href":"https:\/\/www.paparazzinews.com.br\/index.php?rest_route=\/wp\/v2\/users\/1"}],"replies":[{"embeddable":true,"href":"https:\/\/www.paparazzinews.com.br\/index.php?rest_route=%2Fwp%2Fv2%2Fcomments&post=1010"}],"version-history":[{"count":1,"href":"https:\/\/www.paparazzinews.com.br\/index.php?rest_route=\/wp\/v2\/posts\/1010\/revisions"}],"predecessor-version":[{"id":1011,"href":"https:\/\/www.paparazzinews.com.br\/index.php?rest_route=\/wp\/v2\/posts\/1010\/revisions\/1011"}],"wp:featuredmedia":[{"embeddable":true,"href":"https:\/\/www.paparazzinews.com.br\/index.php?rest_route=\/wp\/v2\/media\/1012"}],"wp:attachment":[{"href":"https:\/\/www.paparazzinews.com.br\/index.php?rest_route=%2Fwp%2Fv2%2Fmedia&parent=1010"}],"wp:term":[{"taxonomy":"category","embeddable":true,"href":"https:\/\/www.paparazzinews.com.br\/index.php?rest_route=%2Fwp%2Fv2%2Fcategories&post=1010"},{"taxonomy":"post_tag","embeddable":true,"href":"https:\/\/www.paparazzinews.com.br\/index.php?rest_route=%2Fwp%2Fv2%2Ftags&post=1010"}],"curies":[{"name":"wp","href":"https:\/\/api.w.org\/{rel}","templated":true}]}}