{"id":10017,"date":"2024-05-24T21:58:45","date_gmt":"2024-05-25T00:58:45","guid":{"rendered":"https:\/\/www.paparazzinews.com.br\/?p=10017"},"modified":"2024-05-24T21:58:46","modified_gmt":"2024-05-25T00:58:46","slug":"campanha-do-governo-de-sao-paulo-alerta-para-o-desaparecimento-de-criancas","status":"publish","type":"post","link":"https:\/\/www.paparazzinews.com.br\/?p=10017","title":{"rendered":"Campanha do governo de S\u00e3o Paulo alerta para o desaparecimento de crian\u00e7as"},"content":{"rendered":"\n<p>Hugo, Larissa, Walter, Marcelo&#8230; s\u00e3o alguns dos nomes de crian\u00e7as que desapareceram h\u00e1 15, 20 ou 30 anos. At\u00e9 hoje as fam\u00edlias n\u00e3o sabem o paradeiro deles. A falta de informa\u00e7\u00f5es dificulta o trabalho da pol\u00edcia para investigar o sumi\u00e7o. Para alertar sobre o problema e chamar a aten\u00e7\u00e3o da sociedade, o governo de S\u00e3o Paulo, por meio da Secretaria da Seguran\u00e7a P\u00fablica e da Secretaria dos Transportes Metropolitanos, promove uma campanha para marcar o Dia Internacional da Crian\u00e7a Desaparecida, lembrado neste s\u00e1bado (25).<\/p>\n\n\n\n<p>At\u00e9 8 de junho, passageiros do Metr\u00f4 e da CPTM v\u00e3o acompanhar em monitores dos vag\u00f5es dos trens e esta\u00e7\u00f5es imagens de crian\u00e7as desaparecidas. J\u00e1 na EMTU, as imagens ser\u00e3o veiculadas no VLT da Baixada Santista e nos terminais do Corredor ABD. Os v\u00eddeos mostram a foto de quando foi registrado o desaparecimento e como essas pessoas estariam atualmente, a partir de retratos elaborados pelo Laborat\u00f3rio de Arte Forense do Departamento de Homic\u00eddios e de Prote\u00e7\u00e3o \u00e0 Pessoa (DHPP), da Pol\u00edcia Civil de S\u00e3o Paulo.<\/p>\n\n\n\n<p>O objetivo \u00e9 mobilizar a popula\u00e7\u00e3o e alertar para a relev\u00e2ncia do tema. No estado de S\u00e3o Paulo, s\u00f3 neste ano, foram registrados 197 desaparecimentos de crian\u00e7as de at\u00e9 12 anos. Conforme a Pol\u00edcia Civil, no mesmo per\u00edodo, cerca de 200 menores de idade foram localizados e devolvidos aos pais ou respons\u00e1veis.<\/p>\n\n\n\n<p><strong>\u2018N\u00e3o espere\u2019: delegada ressalta a import\u00e2ncia do registro de crian\u00e7as desaparecidas<\/strong><\/p>\n\n\n\n<p>O desaparecimento de uma crian\u00e7a ou adolescente precisa ser comunicado \u00e0 pol\u00edcia imediatamente. \u201cNunca espere 24 horas. \u201cQuanto mais r\u00e1pido for a comunica\u00e7\u00e3o do desaparecimento, maiores as chances de encontrar mais rapidamente\u201d, alerta a delegada B\u00e1rbara Travassos, da 5\u00aa Delegacia de Investiga\u00e7\u00f5es sobre Pessoas Desaparecidas.<\/p>\n\n\n\n<figure class=\"wp-block-image\"><img data-recalc-dims=\"1\" decoding=\"async\" src=\"https:\/\/i0.wp.com\/www.ssp.sp.gov.br\/midia\/Imagem\/D00054793.png?w=708\" alt=\"\"\/><\/figure>\n\n\n\n<p>De acordo com a Pol\u00edcia Civil, a comunica\u00e7\u00e3o do sumi\u00e7o de uma crian\u00e7a ou adolescente deve acontecer a partir dos primeiros comportamentos fora do padr\u00e3o. \u201cConforme o tempo passa, os vest\u00edgios se perdem. A mem\u00f3ria das pessoas que viram a crian\u00e7a em algum lugar, no \u00f4nibus ou na rua, come\u00e7a a falhar\u201d, explica a delegada.<\/p>\n\n\n\n<p>Ainda conforme a delegada, o desaparecimento \u00e9 a aus\u00eancia n\u00e3o justificada de uma pessoa ou crian\u00e7a de casa ou algum outro local familiar. H\u00e1 v\u00e1rios motivos para o desaparecimento, mas, na maioria das vezes, os familiares n\u00e3o sabem apontar as raz\u00f5es. Desse modo, o registro \u00e9 necess\u00e1rio para que a Pol\u00edcia Civil investigue a situa\u00e7\u00e3o e as causas da aus\u00eancia.<\/p>\n\n\n\n<p><strong>Como fazer o boletim de ocorr\u00eancia?<\/strong><\/p>\n\n\n\n<p>O registro do boletim de ocorr\u00eancia de desaparecimento de crian\u00e7a pode ser feito em qualquer delegacia da Pol\u00edcia Civil de S\u00e3o Paulo, bem como atrav\u00e9s do site da institui\u00e7\u00e3o, por meio da Delegacia Eletr\u00f4nica. O registro permitir\u00e1 o in\u00edcio da investiga\u00e7\u00e3o policial para a localiza\u00e7\u00e3o do desaparecido.<\/p>\n\n\n\n<p>\u00c9 fundamental que sejam fornecidas todas as informa\u00e7\u00f5es relacionadas ao desaparecido, que possam auxiliar no encontro.<\/p>\n\n\n\n<p>Tais como, se o desaparecido levou pertences pessoais; se deixou algum recado informando que iria se ausentar; se existe algum conflito do desaparecido com algu\u00e9m, bem como amea\u00e7a ou constrangimento que tenha sofrido; caracter\u00edsticas f\u00edsicas do desaparecido como cor da pele, cor dos olhos, cor e comprimento dos cabelos; se possui cicatriz, mancha ou qualquer outro detalhe f\u00edsico (local e descri\u00e7\u00e3o); se possui redes sociais; se desapareceu outras vezes e em quais circunst\u00e2ncias foi encontrado e entre outras.<\/p>\n\n\n\n<p>Al\u00e9m das informa\u00e7\u00f5es, \u00e9 importante que o declarante deixe telefones de contato e que atendam n\u00fameros desconhecidos, um deles poder\u00e1 ser de um policial civil informando o encontro. O n\u00e3o atendimento do telefone dificulta o contato da pol\u00edcia.<\/p>\n\n\n\n<p><strong>Encontro do desaparecido<\/strong><\/p>\n\n\n\n<p>Ap\u00f3s o encontro da crian\u00e7a desaparecida, o boletim de ocorr\u00eancia de encontro de pessoas deve ser providenciado. Somente com ele, a pessoa poder\u00e1 emitir novos documentos, uma vez que, quando dada como desaparecida, o Registro Geral ficar\u00e1 bloqueado.<\/p>\n\n\n\n<p><strong><em><strong><em><strong><em><strong><em><strong><em><strong><em><strong><em><strong><em><strong>Siga nossas redes sociais no\u00a0<a href=\"https:\/\/www.instagram.com\/ronipaparazzi\/\">Instagram\u00a0<\/a>e\u00a0<a href=\"https:\/\/www.facebook.com\/ronipaparazzicomvoce\">Facebook<\/a>\u00a0participe da nossa comunidade do Canal Roni Paparazzi no Whatsapp e receba as principais not\u00edcias do dia direto no seu celular.<\/strong>\u00a0<a href=\"https:\/\/chat.whatsapp.com\/GsG1XKo0jPOEfjzudWQcml\" target=\"_blank\" rel=\"noreferrer noopener\">\u00a0Clique aqui e se inscreva.<\/a><\/em><\/strong><\/em><\/strong><\/em><\/strong><\/em><\/strong><\/em><\/strong><\/em><\/strong><\/em><\/strong><\/em><\/strong><\/p>\n\n\n\n<p><a href=\"https:\/\/www.paparazzinews.com.br\/wp-admin\/post.php?post=9984&amp;action=edit\"><\/a><\/p>\n","protected":false},"excerpt":{"rendered":"<p>Hugo, Larissa, Walter, Marcelo&#8230; s\u00e3o alguns dos nomes de crian\u00e7as que desapareceram h\u00e1 15, 20 ou 30 anos. At\u00e9 hoje as fam\u00edlias n\u00e3o sabem o paradeiro deles. A falta de informa\u00e7\u00f5es dificulta o trabalho da pol\u00edcia para investigar o sumi\u00e7o. Para alertar sobre o problema e chamar a aten\u00e7\u00e3o da sociedade, o governo de S\u00e3o &hellip;<\/p>\n","protected":false},"author":1,"featured_media":10018,"comment_status":"open","ping_status":"open","sticky":false,"template":"","format":"standard","meta":{"_jetpack_memberships_contains_paid_content":false,"footnotes":"","jetpack_publicize_message":"","jetpack_publicize_feature_enabled":true,"jetpack_social_post_already_shared":false,"jetpack_social_options":{"image_generator_settings":{"template":"highway","default_image_id":0,"enabled":false},"version":2}},"categories":[3],"tags":[],"class_list":["post-10017","post","type-post","status-publish","format-standard","has-post-thumbnail","hentry","category-policial"],"jetpack_publicize_connections":[],"jetpack_featured_media_url":"https:\/\/i0.wp.com\/www.paparazzinews.com.br\/wp-content\/uploads\/2024\/05\/00054794.png?fit=800%2C450&ssl=1","views":"2429","jetpack_likes_enabled":true,"jetpack_sharing_enabled":true,"_links":{"self":[{"href":"https:\/\/www.paparazzinews.com.br\/index.php?rest_route=\/wp\/v2\/posts\/10017","targetHints":{"allow":["GET"]}}],"collection":[{"href":"https:\/\/www.paparazzinews.com.br\/index.php?rest_route=\/wp\/v2\/posts"}],"about":[{"href":"https:\/\/www.paparazzinews.com.br\/index.php?rest_route=\/wp\/v2\/types\/post"}],"author":[{"embeddable":true,"href":"https:\/\/www.paparazzinews.com.br\/index.php?rest_route=\/wp\/v2\/users\/1"}],"replies":[{"embeddable":true,"href":"https:\/\/www.paparazzinews.com.br\/index.php?rest_route=%2Fwp%2Fv2%2Fcomments&post=10017"}],"version-history":[{"count":1,"href":"https:\/\/www.paparazzinews.com.br\/index.php?rest_route=\/wp\/v2\/posts\/10017\/revisions"}],"predecessor-version":[{"id":10019,"href":"https:\/\/www.paparazzinews.com.br\/index.php?rest_route=\/wp\/v2\/posts\/10017\/revisions\/10019"}],"wp:featuredmedia":[{"embeddable":true,"href":"https:\/\/www.paparazzinews.com.br\/index.php?rest_route=\/wp\/v2\/media\/10018"}],"wp:attachment":[{"href":"https:\/\/www.paparazzinews.com.br\/index.php?rest_route=%2Fwp%2Fv2%2Fmedia&parent=10017"}],"wp:term":[{"taxonomy":"category","embeddable":true,"href":"https:\/\/www.paparazzinews.com.br\/index.php?rest_route=%2Fwp%2Fv2%2Fcategories&post=10017"},{"taxonomy":"post_tag","embeddable":true,"href":"https:\/\/www.paparazzinews.com.br\/index.php?rest_route=%2Fwp%2Fv2%2Ftags&post=10017"}],"curies":[{"name":"wp","href":"https:\/\/api.w.org\/{rel}","templated":true}]}}